{"id":164,"date":"2019-05-15T04:45:33","date_gmt":"2019-05-15T04:45:33","guid":{"rendered":"https:\/\/mauritius-chamber-of-agriculture.org\/smart-agriculture\/2019\/05\/15\/soigner-la-terre-pour-nourrir-les-hommes\/"},"modified":"2019-05-15T04:45:33","modified_gmt":"2019-05-15T04:45:33","slug":"soigner-la-terre-pour-nourrir-les-hommes","status":"publish","type":"post","link":"https:\/\/mauritius-chamber-of-agriculture.org\/smart-agriculture\/2019\/05\/15\/soigner-la-terre-pour-nourrir-les-hommes\/","title":{"rendered":"Soigner la terre pour nourrir les hommes"},"content":{"rendered":"<p style=\"text-align: center;\"><strong>Soigner la terre pour nourrir les hommes <\/strong><\/p>\n<p>De Paris \u00e0 Pr\u00e9toria, de Port-Louis \u00e0 Bruxelles, ces temps-ci, le monde marche pour le climat. Ce jeudi 9 mai, l\u2019IFM vous a accueilli le temps d\u2019une soir\u00e9e pour partager en toute convivialit\u00e9 autour de modes de consommation et d&#8217;agriculture plus respectueux de notre terre. Au programme, l&#8217;intervention de Claude et Lydia Bourguignon, \u00e9minents sp\u00e9cialistes des sols venus de France, les solutions concr\u00e8tes d&#8217;Aurore Rouzzi de Sensibio, un march\u00e9 de produits locaux et un troc de graine.<\/p>\n<p>Ce projet \u00e9tait organis\u00e9 en partenariat entre La chambre d\u2019agriculture de Maurice (Smart Agri) et l\u2019Institut fran\u00e7ais de Maurice, avec la collaboration de Sensibio et BeachComber.<\/p>\n<p><strong>D\u00e9roul\u00e9 de la soir\u00e9e<\/strong>\u00a0:<\/p>\n<p>17h-19h : march\u00e9 de produits bios et locaux, \u00ab troc de graines \u00bb biologiques et anciennes ou end\u00e9miques.<br \/>\n18h : Causeries avec Aurore Rouzzi : <em>consommation, d\u00e9chets, potager : des\u00a0 solutions concr\u00e8tes \u00e0 port\u00e9e de main \u00e0 Maurice <\/em><br \/>\n19h: conf\u00e9rence de Claude et Lydia Bourguignon <em>\u00ab Agro\u00e9cologie : soigner la terre pour nourrir les hommes <\/em><\/p>\n<p><strong>March\u00e9 de produits bios et locaux\u00a0: <\/strong><\/p>\n<p>Des &#8220;producteurs bio&#8221; mauriciens qui ont vendu \u00e0 l\u2019IFM des fruits et l\u00e9gumes, des plantes aromatiques, du pesto, de la p\u00e2te de\u00a0piment, des tisanes biocertifi\u00e9es.<\/p>\n<p><strong>\u00ab Troc de graines \u00bb biologiques et anciennes ou end\u00e9miques.\u00a0<\/strong><\/p>\n<p><strong>Causerie avec Aurore Rouzzi<\/strong><em>\u00a0: <\/em><\/p>\n<p>Quelles solutions pratiques pour une meilleure consommation \u00e0 Maurice ?\u00a0 Comment faire son propre potager ? Comment mettre en place une politique du z\u00e9ro d\u00e9chet dans tous les foyers ? Aurore ouvre la discussion, avec \u00e0 l\u2019appui des pistes concr\u00e8tes, qu\u2019elle exp\u00e9rimente depuis deux ans sur le sol mauricien.<\/p>\n<p><strong>Bio d\u2019Aurore Rouzzi<\/strong><em>\u00a0: <\/em><\/p>\n<p>Aurore Rouzzi, fondatrice et cheffe de projet de SensiBio, s&#8217;est form\u00e9e en France dans le domaine du mara\u00eechage biologique o\u00f9 elle s&#8217;est forg\u00e9e ses premi\u00e8res exp\u00e9riences,\u00a0 avant de poursuivre ses activit\u00e9s au\u00a0 B\u00e9nin, \u00e0 l&#8217;\u00eele de la R\u00e9union et \u00e0 Maurice.<\/p>\n<p>SensiBio propose de sensibiliser, former et accompagner professionnels et amateurs de 7 \u00e0 77 ans dans le domaine de l&#8217;agriculture biologique.<\/p>\n<p><em>\u00a0<\/em><\/p>\n<p><strong>Bio de Claude et Lydia Bourguignon <\/strong><\/p>\n<p>Les adeptes de l\u2019agriculture paysanne et biologique, des terroirs ou de la permaculture connaissent bien leur franc parler. Derniers microbiologistes des sols ind\u00e9pendants en France, lanceurs d\u2019alerte \u00e0 l\u2019origine de propositions concr\u00e8tes, <strong>Lydia et Claude Bourguignon<\/strong> ont en commun la passion des sols, dont ils sont reconnus comme les experts r\u00e9f\u00e9rents. Ensemble, ils parcourent le monde pour partager leurs savoirs et promouvoir une gestion plus durable et raisonn\u00e9e de la terre, dans un contexte ou l\u2019utilisation d\u2019engrais et le recours \u00e0 la production intensive est de mise.<\/p>\n<p><strong>Lydia Bourguignon<\/strong> est ma\u00eetre es sciences, docteur technicien en\u00a0\u0153nologie<strong>, Claude Bourguignon <\/strong>est ing\u00e9nieur agronome et docteur es sciences. Ing\u00e9nieurs, ils entrent tous deux \u00e0 l\u2019INRA. En 1990, le couple cr\u00e9e leur propre laboratoire, le LAMS, afin de r\u00e9aliser des analyses physiques, chimiques et biologiques des sols. A ce jour, le LAMS a r\u00e9alis\u00e9 plus de 6 000 expertises aux quatre coins du monde, dont le but vise, notamment, \u00e0 recommander, de mani\u00e8re cibl\u00e9e, une\u00a0gestion durable des sols\u2026<\/p>\n","protected":false},"excerpt":{"rendered":"<p>Soigner la terre pour nourrir les hommes De Paris \u00e0 Pr\u00e9toria, de Port-Louis \u00e0 Bruxelles, ces temps-ci, le monde marche pour le climat. Ce jeudi 9 mai, l\u2019IFM vous a accueilli le temps d\u2019une soir\u00e9e pour partager en toute convivialit\u00e9 autour de modes de consommation et d&#8217;agriculture plus respectueux de notre terre. Au programme, l&#8217;intervention [&hellip;]<\/p>\n","protected":false},"author":1,"featured_media":0,"comment_status":"closed","ping_status":"closed","sticky":false,"template":"","format":"standard","meta":{"footnotes":""},"categories":[8],"tags":[],"class_list":["post-164","post","type-post","status-publish","format-standard","hentry","category-smart-agriculturenewsnews"],"yoast_head":"<!-- This site is optimized with the Yoast SEO plugin v26.0 - https:\/\/yoast.com\/wordpress\/plugins\/seo\/ -->\n<title>Soigner la terre pour nourrir les hommes - Smart Agriculture Mauritius<\/title>\n<meta name=\"robots\" content=\"index, follow, max-snippet:-1, max-image-preview:large, max-video-preview:-1\" \/>\n<link rel=\"canonical\" href=\"https:\/\/mauritius-chamber-of-agriculture.org\/smart-agriculture\/2019\/05\/15\/soigner-la-terre-pour-nourrir-les-hommes\/\" \/>\n<meta property=\"og:locale\" content=\"en_US\" \/>\n<meta property=\"og:type\" content=\"article\" \/>\n<meta property=\"og:title\" content=\"Soigner la terre pour nourrir les hommes - Smart Agriculture Mauritius\" \/>\n<meta property=\"og:description\" content=\"Soigner la terre pour nourrir les hommes De Paris \u00e0 Pr\u00e9toria, de Port-Louis \u00e0 Bruxelles, ces temps-ci, le monde marche pour le climat. Ce jeudi 9 mai, l\u2019IFM vous a accueilli le temps d\u2019une soir\u00e9e pour partager en toute convivialit\u00e9 autour de modes de consommation et d&#8217;agriculture plus respectueux de notre terre. Au programme, l&#8217;intervention [&hellip;]\" \/>\n<meta property=\"og:url\" content=\"https:\/\/mauritius-chamber-of-agriculture.org\/smart-agriculture\/2019\/05\/15\/soigner-la-terre-pour-nourrir-les-hommes\/\" \/>\n<meta property=\"og:site_name\" content=\"Smart Agriculture Mauritius\" \/>\n<meta property=\"article:published_time\" content=\"2019-05-15T04:45:33+00:00\" \/>\n<meta name=\"author\" content=\"sebastien\" \/>\n<meta name=\"twitter:card\" content=\"summary_large_image\" \/>\n<meta name=\"twitter:label1\" content=\"Written by\" \/>\n\t<meta name=\"twitter:data1\" content=\"sebastien\" \/>\n\t<meta name=\"twitter:label2\" content=\"Est. reading time\" \/>\n\t<meta name=\"twitter:data2\" content=\"3 minutes\" \/>\n<script type=\"application\/ld+json\" class=\"yoast-schema-graph\">{\"@context\":\"https:\/\/schema.org\",\"@graph\":[{\"@type\":\"Article\",\"@id\":\"https:\/\/mauritius-chamber-of-agriculture.org\/smart-agriculture\/2019\/05\/15\/soigner-la-terre-pour-nourrir-les-hommes\/#article\",\"isPartOf\":{\"@id\":\"https:\/\/mauritius-chamber-of-agriculture.org\/smart-agriculture\/2019\/05\/15\/soigner-la-terre-pour-nourrir-les-hommes\/\"},\"author\":{\"name\":\"sebastien\",\"@id\":\"https:\/\/mauritius-chamber-of-agriculture.org\/smart-agriculture\/#\/schema\/person\/b5d01b071033f5958c517ac895aee956\"},\"headline\":\"Soigner la terre pour nourrir les hommes\",\"datePublished\":\"2019-05-15T04:45:33+00:00\",\"mainEntityOfPage\":{\"@id\":\"https:\/\/mauritius-chamber-of-agriculture.org\/smart-agriculture\/2019\/05\/15\/soigner-la-terre-pour-nourrir-les-hommes\/\"},\"wordCount\":533,\"publisher\":{\"@id\":\"https:\/\/mauritius-chamber-of-agriculture.org\/smart-agriculture\/#organization\"},\"articleSection\":[\"Smart Agriculture&gt;News|News\"],\"inLanguage\":\"en-US\"},{\"@type\":\"WebPage\",\"@id\":\"https:\/\/mauritius-chamber-of-agriculture.org\/smart-agriculture\/2019\/05\/15\/soigner-la-terre-pour-nourrir-les-hommes\/\",\"url\":\"https:\/\/mauritius-chamber-of-agriculture.org\/smart-agriculture\/2019\/05\/15\/soigner-la-terre-pour-nourrir-les-hommes\/\",\"name\":\"Soigner la terre pour nourrir les hommes - Smart Agriculture Mauritius\",\"isPartOf\":{\"@id\":\"https:\/\/mauritius-chamber-of-agriculture.org\/smart-agriculture\/#website\"},\"datePublished\":\"2019-05-15T04:45:33+00:00\",\"breadcrumb\":{\"@id\":\"https:\/\/mauritius-chamber-of-agriculture.org\/smart-agriculture\/2019\/05\/15\/soigner-la-terre-pour-nourrir-les-hommes\/#breadcrumb\"},\"inLanguage\":\"en-US\",\"potentialAction\":[{\"@type\":\"ReadAction\",\"target\":[\"https:\/\/mauritius-chamber-of-agriculture.org\/smart-agriculture\/2019\/05\/15\/soigner-la-terre-pour-nourrir-les-hommes\/\"]}]},{\"@type\":\"BreadcrumbList\",\"@id\":\"https:\/\/mauritius-chamber-of-agriculture.org\/smart-agriculture\/2019\/05\/15\/soigner-la-terre-pour-nourrir-les-hommes\/#breadcrumb\",\"itemListElement\":[{\"@type\":\"ListItem\",\"position\":1,\"name\":\"Home\",\"item\":\"https:\/\/mauritius-chamber-of-agriculture.org\/smart-agriculture\/\"},{\"@type\":\"ListItem\",\"position\":2,\"name\":\"Soigner la terre pour nourrir les hommes\"}]},{\"@type\":\"WebSite\",\"@id\":\"https:\/\/mauritius-chamber-of-agriculture.org\/smart-agriculture\/#website\",\"url\":\"https:\/\/mauritius-chamber-of-agriculture.org\/smart-agriculture\/\",\"name\":\"Smart Agriculture Mauritius\",\"description\":\"\",\"publisher\":{\"@id\":\"https:\/\/mauritius-chamber-of-agriculture.org\/smart-agriculture\/#organization\"},\"potentialAction\":[{\"@type\":\"SearchAction\",\"target\":{\"@type\":\"EntryPoint\",\"urlTemplate\":\"https:\/\/mauritius-chamber-of-agriculture.org\/smart-agriculture\/?s={search_term_string}\"},\"query-input\":{\"@type\":\"PropertyValueSpecification\",\"valueRequired\":true,\"valueName\":\"search_term_string\"}}],\"inLanguage\":\"en-US\"},{\"@type\":\"Organization\",\"@id\":\"https:\/\/mauritius-chamber-of-agriculture.org\/smart-agriculture\/#organization\",\"name\":\"Smart Agriculture Mauritius\",\"url\":\"https:\/\/mauritius-chamber-of-agriculture.org\/smart-agriculture\/\",\"logo\":{\"@type\":\"ImageObject\",\"inLanguage\":\"en-US\",\"@id\":\"https:\/\/mauritius-chamber-of-agriculture.org\/smart-agriculture\/#\/schema\/logo\/image\/\",\"url\":\"https:\/\/mauritius-chamber-of-agriculture.org\/smart-agriculture\/wp-content\/uploads\/sites\/2\/2024\/12\/logo-smart-agriculture-rvb.png\",\"contentUrl\":\"https:\/\/mauritius-chamber-of-agriculture.org\/smart-agriculture\/wp-content\/uploads\/sites\/2\/2024\/12\/logo-smart-agriculture-rvb.png\",\"width\":300,\"height\":141,\"caption\":\"Smart Agriculture Mauritius\"},\"image\":{\"@id\":\"https:\/\/mauritius-chamber-of-agriculture.org\/smart-agriculture\/#\/schema\/logo\/image\/\"}},{\"@type\":\"Person\",\"@id\":\"https:\/\/mauritius-chamber-of-agriculture.org\/smart-agriculture\/#\/schema\/person\/b5d01b071033f5958c517ac895aee956\",\"name\":\"sebastien\",\"image\":{\"@type\":\"ImageObject\",\"inLanguage\":\"en-US\",\"@id\":\"https:\/\/mauritius-chamber-of-agriculture.org\/smart-agriculture\/#\/schema\/person\/image\/\",\"url\":\"https:\/\/secure.gravatar.com\/avatar\/1db3e3d347c7833045868350996b591c?s=96&d=mm&r=g\",\"contentUrl\":\"https:\/\/secure.gravatar.com\/avatar\/1db3e3d347c7833045868350996b591c?s=96&d=mm&r=g\",\"caption\":\"sebastien\"},\"sameAs\":[\"https:\/\/mauritius-chamber-of-agriculture.org\"],\"url\":\"https:\/\/mauritius-chamber-of-agriculture.org\/smart-agriculture\/author\/sebastien\/\"}]}<\/script>\n<!-- \/ Yoast SEO plugin. -->","yoast_head_json":{"title":"Soigner la terre pour nourrir les hommes - Smart Agriculture Mauritius","robots":{"index":"index","follow":"follow","max-snippet":"max-snippet:-1","max-image-preview":"max-image-preview:large","max-video-preview":"max-video-preview:-1"},"canonical":"https:\/\/mauritius-chamber-of-agriculture.org\/smart-agriculture\/2019\/05\/15\/soigner-la-terre-pour-nourrir-les-hommes\/","og_locale":"en_US","og_type":"article","og_title":"Soigner la terre pour nourrir les hommes - Smart Agriculture Mauritius","og_description":"Soigner la terre pour nourrir les hommes De Paris \u00e0 Pr\u00e9toria, de Port-Louis \u00e0 Bruxelles, ces temps-ci, le monde marche pour le climat. Ce jeudi 9 mai, l\u2019IFM vous a accueilli le temps d\u2019une soir\u00e9e pour partager en toute convivialit\u00e9 autour de modes de consommation et d&#8217;agriculture plus respectueux de notre terre. Au programme, l&#8217;intervention [&hellip;]","og_url":"https:\/\/mauritius-chamber-of-agriculture.org\/smart-agriculture\/2019\/05\/15\/soigner-la-terre-pour-nourrir-les-hommes\/","og_site_name":"Smart Agriculture Mauritius","article_published_time":"2019-05-15T04:45:33+00:00","author":"sebastien","twitter_card":"summary_large_image","twitter_misc":{"Written by":"sebastien","Est. reading time":"3 minutes"},"schema":{"@context":"https:\/\/schema.org","@graph":[{"@type":"Article","@id":"https:\/\/mauritius-chamber-of-agriculture.org\/smart-agriculture\/2019\/05\/15\/soigner-la-terre-pour-nourrir-les-hommes\/#article","isPartOf":{"@id":"https:\/\/mauritius-chamber-of-agriculture.org\/smart-agriculture\/2019\/05\/15\/soigner-la-terre-pour-nourrir-les-hommes\/"},"author":{"name":"sebastien","@id":"https:\/\/mauritius-chamber-of-agriculture.org\/smart-agriculture\/#\/schema\/person\/b5d01b071033f5958c517ac895aee956"},"headline":"Soigner la terre pour nourrir les hommes","datePublished":"2019-05-15T04:45:33+00:00","mainEntityOfPage":{"@id":"https:\/\/mauritius-chamber-of-agriculture.org\/smart-agriculture\/2019\/05\/15\/soigner-la-terre-pour-nourrir-les-hommes\/"},"wordCount":533,"publisher":{"@id":"https:\/\/mauritius-chamber-of-agriculture.org\/smart-agriculture\/#organization"},"articleSection":["Smart Agriculture&gt;News|News"],"inLanguage":"en-US"},{"@type":"WebPage","@id":"https:\/\/mauritius-chamber-of-agriculture.org\/smart-agriculture\/2019\/05\/15\/soigner-la-terre-pour-nourrir-les-hommes\/","url":"https:\/\/mauritius-chamber-of-agriculture.org\/smart-agriculture\/2019\/05\/15\/soigner-la-terre-pour-nourrir-les-hommes\/","name":"Soigner la terre pour nourrir les hommes - Smart Agriculture Mauritius","isPartOf":{"@id":"https:\/\/mauritius-chamber-of-agriculture.org\/smart-agriculture\/#website"},"datePublished":"2019-05-15T04:45:33+00:00","breadcrumb":{"@id":"https:\/\/mauritius-chamber-of-agriculture.org\/smart-agriculture\/2019\/05\/15\/soigner-la-terre-pour-nourrir-les-hommes\/#breadcrumb"},"inLanguage":"en-US","potentialAction":[{"@type":"ReadAction","target":["https:\/\/mauritius-chamber-of-agriculture.org\/smart-agriculture\/2019\/05\/15\/soigner-la-terre-pour-nourrir-les-hommes\/"]}]},{"@type":"BreadcrumbList","@id":"https:\/\/mauritius-chamber-of-agriculture.org\/smart-agriculture\/2019\/05\/15\/soigner-la-terre-pour-nourrir-les-hommes\/#breadcrumb","itemListElement":[{"@type":"ListItem","position":1,"name":"Home","item":"https:\/\/mauritius-chamber-of-agriculture.org\/smart-agriculture\/"},{"@type":"ListItem","position":2,"name":"Soigner la terre pour nourrir les hommes"}]},{"@type":"WebSite","@id":"https:\/\/mauritius-chamber-of-agriculture.org\/smart-agriculture\/#website","url":"https:\/\/mauritius-chamber-of-agriculture.org\/smart-agriculture\/","name":"Smart Agriculture Mauritius","description":"","publisher":{"@id":"https:\/\/mauritius-chamber-of-agriculture.org\/smart-agriculture\/#organization"},"potentialAction":[{"@type":"SearchAction","target":{"@type":"EntryPoint","urlTemplate":"https:\/\/mauritius-chamber-of-agriculture.org\/smart-agriculture\/?s={search_term_string}"},"query-input":{"@type":"PropertyValueSpecification","valueRequired":true,"valueName":"search_term_string"}}],"inLanguage":"en-US"},{"@type":"Organization","@id":"https:\/\/mauritius-chamber-of-agriculture.org\/smart-agriculture\/#organization","name":"Smart Agriculture Mauritius","url":"https:\/\/mauritius-chamber-of-agriculture.org\/smart-agriculture\/","logo":{"@type":"ImageObject","inLanguage":"en-US","@id":"https:\/\/mauritius-chamber-of-agriculture.org\/smart-agriculture\/#\/schema\/logo\/image\/","url":"https:\/\/mauritius-chamber-of-agriculture.org\/smart-agriculture\/wp-content\/uploads\/sites\/2\/2024\/12\/logo-smart-agriculture-rvb.png","contentUrl":"https:\/\/mauritius-chamber-of-agriculture.org\/smart-agriculture\/wp-content\/uploads\/sites\/2\/2024\/12\/logo-smart-agriculture-rvb.png","width":300,"height":141,"caption":"Smart Agriculture Mauritius"},"image":{"@id":"https:\/\/mauritius-chamber-of-agriculture.org\/smart-agriculture\/#\/schema\/logo\/image\/"}},{"@type":"Person","@id":"https:\/\/mauritius-chamber-of-agriculture.org\/smart-agriculture\/#\/schema\/person\/b5d01b071033f5958c517ac895aee956","name":"sebastien","image":{"@type":"ImageObject","inLanguage":"en-US","@id":"https:\/\/mauritius-chamber-of-agriculture.org\/smart-agriculture\/#\/schema\/person\/image\/","url":"https:\/\/secure.gravatar.com\/avatar\/1db3e3d347c7833045868350996b591c?s=96&d=mm&r=g","contentUrl":"https:\/\/secure.gravatar.com\/avatar\/1db3e3d347c7833045868350996b591c?s=96&d=mm&r=g","caption":"sebastien"},"sameAs":["https:\/\/mauritius-chamber-of-agriculture.org"],"url":"https:\/\/mauritius-chamber-of-agriculture.org\/smart-agriculture\/author\/sebastien\/"}]}},"_links":{"self":[{"href":"https:\/\/mauritius-chamber-of-agriculture.org\/smart-agriculture\/wp-json\/wp\/v2\/posts\/164","targetHints":{"allow":["GET"]}}],"collection":[{"href":"https:\/\/mauritius-chamber-of-agriculture.org\/smart-agriculture\/wp-json\/wp\/v2\/posts"}],"about":[{"href":"https:\/\/mauritius-chamber-of-agriculture.org\/smart-agriculture\/wp-json\/wp\/v2\/types\/post"}],"author":[{"embeddable":true,"href":"https:\/\/mauritius-chamber-of-agriculture.org\/smart-agriculture\/wp-json\/wp\/v2\/users\/1"}],"replies":[{"embeddable":true,"href":"https:\/\/mauritius-chamber-of-agriculture.org\/smart-agriculture\/wp-json\/wp\/v2\/comments?post=164"}],"version-history":[{"count":0,"href":"https:\/\/mauritius-chamber-of-agriculture.org\/smart-agriculture\/wp-json\/wp\/v2\/posts\/164\/revisions"}],"wp:attachment":[{"href":"https:\/\/mauritius-chamber-of-agriculture.org\/smart-agriculture\/wp-json\/wp\/v2\/media?parent=164"}],"wp:term":[{"taxonomy":"category","embeddable":true,"href":"https:\/\/mauritius-chamber-of-agriculture.org\/smart-agriculture\/wp-json\/wp\/v2\/categories?post=164"},{"taxonomy":"post_tag","embeddable":true,"href":"https:\/\/mauritius-chamber-of-agriculture.org\/smart-agriculture\/wp-json\/wp\/v2\/tags?post=164"}],"curies":[{"name":"wp","href":"https:\/\/api.w.org\/{rel}","templated":true}]}}