{"id":192,"date":"2019-08-14T20:01:08","date_gmt":"2019-08-14T20:01:08","guid":{"rendered":"https:\/\/mauritius-chamber-of-agriculture.org\/smart-agriculture\/2019\/08\/14\/mr-sanju-jhugroo-lagriculteur-responsable-2-0\/"},"modified":"2019-08-14T20:01:08","modified_gmt":"2019-08-14T20:01:08","slug":"mr-sanju-jhugroo-lagriculteur-responsable-2-0","status":"publish","type":"post","link":"https:\/\/mauritius-chamber-of-agriculture.org\/smart-agriculture\/2019\/08\/14\/mr-sanju-jhugroo-lagriculteur-responsable-2-0\/","title":{"rendered":"SANJU JHUGROO &#8211; L\u2019AGRICULTEUR RESPONSABLE 2.0"},"content":{"rendered":"<p>A 34 ans, Sanju Jhugroo est mari\u00e9 et il est derri\u00e8re son p\u00e8re depuis un moment pour moderniser le business de ce dernier en l\u2019informatisant entre autres. Il lui cr\u00e9e une soci\u00e9t\u00e9 et se met \u00e0 l\u2019aider \u00e0 mi-temps. Il entreprend de suivre les formations du projet Smart Agriculture ou du FAREI afin d\u2019inscrire le business familial dans un futur plus durable. Son p\u00e8re est tr\u00e8s r\u00e9ceptif aux nouvelles m\u00e9thodeset aux id\u00e9es qu\u2019il lui apporte.<\/p>\n<p>Sa vision : il est conscient de sa responsabilit\u00e9dans les enjeux de sant\u00e9 public actuels.\u00ab Notre sant\u00e9d\u00e9coule de ce qu\u2019on mange principalement \u00bb. Il voudrait au travers de sa profession, contribuer lui aussi \u00e0 pr\u00e9server la sante des personnes en produisant des l\u00e9gumes sains.<\/p>\n<p>\u00ab Nous sommes un peu parents en tant que planteurs et nos enfants sont les consommateurs \u2013 nous devons \u00eatre conscients de ce qu\u2019on leur donne \u00e0 manger\u00bb.<\/p>\n<p>Mr Jhugroo est croyant et sa spiritualit\u00e9 le porte \u00e0 croire que chaque bonne action que nous faisons sur terre nous ram\u00e8ne de bonnes \u00e9nergies. Il pense que c\u2019est sa responsabilit\u00e9 sur terre.<\/p>\n<p>Son objectif : faire une plantation \u00ab naturelle \u00bbet montrer que ce n\u2019est pas au d\u00e9triment du rendement. Il pense que le rendement sera moindre au d\u00e9but mais qu\u2019\u00e0 terme, en am\u00e9liorant et en prenant soin de son sol, le rendement sera de nouveau au rendez-vous sinon plus. Il ne faut pas tuer sa poule aux \u0153ufs d\u2019or.<\/p>\n<p>Il voit le projet smart agriculture comme une opportunit\u00e9. Il est fier d\u2019\u00eatre un des pr\u00e9curseurs et aime le cot\u00e9 collaboratif du projet : tous, petits et grands planteurs, autour d\u2019une m\u00eame table ou d\u2019une m\u00eame probl\u00e9matique terrain.<\/p>\n<p>Le plus dur dans son m\u00e9tier: il a un terrain sans bail \u2013 il lui est donc difficile de se projeter et d\u2019investir dans les tests pilote sur un terrain. Il y travaille et esp\u00e8re avoir un papier justifiant qu\u2019il peut exploiter son terrain au moins 3 ans.<\/p>\n<p>Il cultive de la salade, de la betterave, des tomates et des aromates (fines herbes) en rotation.<\/p>\n<p>Ses difficult\u00e9s : les ravageurs et les voleurs.<\/p>\n<p>Distribution: il vend aux marchands et revendeurs (75%) et en direct au bazar de 4 bornes (25%). Il aimerait aller vers plus de vente directe.<\/p>\n<p>Vision : il se demande comment faisaient les agricultures dans les temps anciens pour cultiver? \u00ab Nous avons invent\u00e9 nos propres poisons pour plus de profits et de r\u00e9coltes \u00bb.<\/p>\n<p>Objectif : \u00e0 terme, il aimerait bien avoir une ferme pour pouvoir produire de mani\u00e8re plus continue quelque soit les saisons.<\/p>\n","protected":false},"excerpt":{"rendered":"<p>A 34 ans, Sanju Jhugroo est mari\u00e9 et il est derri\u00e8re son p\u00e8re depuis un moment pour moderniser le business de ce dernier en l\u2019informatisant entre autres. Il lui cr\u00e9e une soci\u00e9t\u00e9 et se met \u00e0 l\u2019aider \u00e0 mi-temps. Il entreprend de suivre les formations du projet Smart Agriculture ou du FAREI afin d\u2019inscrire le [&hellip;]<\/p>\n","protected":false},"author":1,"featured_media":193,"comment_status":"closed","ping_status":"closed","sticky":false,"template":"","format":"standard","meta":{"footnotes":""},"categories":[10],"tags":[],"class_list":["post-192","post","type-post","status-publish","format-standard","has-post-thumbnail","hentry","category-smart-agriculturecommunity"],"yoast_head":"<!-- This site is optimized with the Yoast SEO plugin v26.0 - https:\/\/yoast.com\/wordpress\/plugins\/seo\/ -->\n<title>SANJU JHUGROO - L\u2019AGRICULTEUR RESPONSABLE 2.0 - Smart Agriculture Mauritius<\/title>\n<meta name=\"robots\" content=\"index, follow, max-snippet:-1, max-image-preview:large, max-video-preview:-1\" \/>\n<link rel=\"canonical\" href=\"https:\/\/mauritius-chamber-of-agriculture.org\/smart-agriculture\/2019\/08\/14\/mr-sanju-jhugroo-lagriculteur-responsable-2-0\/\" \/>\n<meta property=\"og:locale\" content=\"en_US\" \/>\n<meta property=\"og:type\" content=\"article\" \/>\n<meta property=\"og:title\" content=\"SANJU JHUGROO - L\u2019AGRICULTEUR RESPONSABLE 2.0 - Smart Agriculture Mauritius\" \/>\n<meta property=\"og:description\" content=\"A 34 ans, Sanju Jhugroo est mari\u00e9 et il est derri\u00e8re son p\u00e8re depuis un moment pour moderniser le business de ce dernier en l\u2019informatisant entre autres. Il lui cr\u00e9e une soci\u00e9t\u00e9 et se met \u00e0 l\u2019aider \u00e0 mi-temps. Il entreprend de suivre les formations du projet Smart Agriculture ou du FAREI afin d\u2019inscrire le [&hellip;]\" \/>\n<meta property=\"og:url\" content=\"https:\/\/mauritius-chamber-of-agriculture.org\/smart-agriculture\/2019\/08\/14\/mr-sanju-jhugroo-lagriculteur-responsable-2-0\/\" \/>\n<meta property=\"og:site_name\" content=\"Smart Agriculture Mauritius\" \/>\n<meta property=\"article:published_time\" content=\"2019-08-14T20:01:08+00:00\" \/>\n<meta property=\"og:image\" content=\"https:\/\/mauritius-chamber-of-agriculture.org\/smart-agriculture\/wp-content\/uploads\/sites\/2\/2024\/12\/c2.jpg\" \/>\n\t<meta property=\"og:image:width\" content=\"400\" \/>\n\t<meta property=\"og:image:height\" content=\"600\" \/>\n\t<meta property=\"og:image:type\" content=\"image\/jpeg\" \/>\n<meta name=\"author\" content=\"sebastien\" \/>\n<meta name=\"twitter:card\" content=\"summary_large_image\" \/>\n<meta name=\"twitter:label1\" content=\"Written by\" \/>\n\t<meta name=\"twitter:data1\" content=\"sebastien\" \/>\n\t<meta name=\"twitter:label2\" content=\"Est. reading time\" \/>\n\t<meta name=\"twitter:data2\" content=\"2 minutes\" \/>\n<script type=\"application\/ld+json\" class=\"yoast-schema-graph\">{\"@context\":\"https:\/\/schema.org\",\"@graph\":[{\"@type\":\"Article\",\"@id\":\"https:\/\/mauritius-chamber-of-agriculture.org\/smart-agriculture\/2019\/08\/14\/mr-sanju-jhugroo-lagriculteur-responsable-2-0\/#article\",\"isPartOf\":{\"@id\":\"https:\/\/mauritius-chamber-of-agriculture.org\/smart-agriculture\/2019\/08\/14\/mr-sanju-jhugroo-lagriculteur-responsable-2-0\/\"},\"author\":{\"name\":\"sebastien\",\"@id\":\"https:\/\/mauritius-chamber-of-agriculture.org\/smart-agriculture\/#\/schema\/person\/b5d01b071033f5958c517ac895aee956\"},\"headline\":\"SANJU JHUGROO &#8211; L\u2019AGRICULTEUR RESPONSABLE 2.0\",\"datePublished\":\"2019-08-14T20:01:08+00:00\",\"mainEntityOfPage\":{\"@id\":\"https:\/\/mauritius-chamber-of-agriculture.org\/smart-agriculture\/2019\/08\/14\/mr-sanju-jhugroo-lagriculteur-responsable-2-0\/\"},\"wordCount\":448,\"publisher\":{\"@id\":\"https:\/\/mauritius-chamber-of-agriculture.org\/smart-agriculture\/#organization\"},\"image\":{\"@id\":\"https:\/\/mauritius-chamber-of-agriculture.org\/smart-agriculture\/2019\/08\/14\/mr-sanju-jhugroo-lagriculteur-responsable-2-0\/#primaryimage\"},\"thumbnailUrl\":\"https:\/\/mauritius-chamber-of-agriculture.org\/smart-agriculture\/wp-content\/uploads\/sites\/2\/2024\/12\/c2.jpg\",\"articleSection\":[\"Smart Agriculture&gt;Community\"],\"inLanguage\":\"en-US\"},{\"@type\":\"WebPage\",\"@id\":\"https:\/\/mauritius-chamber-of-agriculture.org\/smart-agriculture\/2019\/08\/14\/mr-sanju-jhugroo-lagriculteur-responsable-2-0\/\",\"url\":\"https:\/\/mauritius-chamber-of-agriculture.org\/smart-agriculture\/2019\/08\/14\/mr-sanju-jhugroo-lagriculteur-responsable-2-0\/\",\"name\":\"SANJU JHUGROO - L\u2019AGRICULTEUR RESPONSABLE 2.0 - Smart Agriculture Mauritius\",\"isPartOf\":{\"@id\":\"https:\/\/mauritius-chamber-of-agriculture.org\/smart-agriculture\/#website\"},\"primaryImageOfPage\":{\"@id\":\"https:\/\/mauritius-chamber-of-agriculture.org\/smart-agriculture\/2019\/08\/14\/mr-sanju-jhugroo-lagriculteur-responsable-2-0\/#primaryimage\"},\"image\":{\"@id\":\"https:\/\/mauritius-chamber-of-agriculture.org\/smart-agriculture\/2019\/08\/14\/mr-sanju-jhugroo-lagriculteur-responsable-2-0\/#primaryimage\"},\"thumbnailUrl\":\"https:\/\/mauritius-chamber-of-agriculture.org\/smart-agriculture\/wp-content\/uploads\/sites\/2\/2024\/12\/c2.jpg\",\"datePublished\":\"2019-08-14T20:01:08+00:00\",\"breadcrumb\":{\"@id\":\"https:\/\/mauritius-chamber-of-agriculture.org\/smart-agriculture\/2019\/08\/14\/mr-sanju-jhugroo-lagriculteur-responsable-2-0\/#breadcrumb\"},\"inLanguage\":\"en-US\",\"potentialAction\":[{\"@type\":\"ReadAction\",\"target\":[\"https:\/\/mauritius-chamber-of-agriculture.org\/smart-agriculture\/2019\/08\/14\/mr-sanju-jhugroo-lagriculteur-responsable-2-0\/\"]}]},{\"@type\":\"ImageObject\",\"inLanguage\":\"en-US\",\"@id\":\"https:\/\/mauritius-chamber-of-agriculture.org\/smart-agriculture\/2019\/08\/14\/mr-sanju-jhugroo-lagriculteur-responsable-2-0\/#primaryimage\",\"url\":\"https:\/\/mauritius-chamber-of-agriculture.org\/smart-agriculture\/wp-content\/uploads\/sites\/2\/2024\/12\/c2.jpg\",\"contentUrl\":\"https:\/\/mauritius-chamber-of-agriculture.org\/smart-agriculture\/wp-content\/uploads\/sites\/2\/2024\/12\/c2.jpg\",\"width\":400,\"height\":600},{\"@type\":\"BreadcrumbList\",\"@id\":\"https:\/\/mauritius-chamber-of-agriculture.org\/smart-agriculture\/2019\/08\/14\/mr-sanju-jhugroo-lagriculteur-responsable-2-0\/#breadcrumb\",\"itemListElement\":[{\"@type\":\"ListItem\",\"position\":1,\"name\":\"Home\",\"item\":\"https:\/\/mauritius-chamber-of-agriculture.org\/smart-agriculture\/\"},{\"@type\":\"ListItem\",\"position\":2,\"name\":\"SANJU JHUGROO &#8211; L\u2019AGRICULTEUR RESPONSABLE 2.0\"}]},{\"@type\":\"WebSite\",\"@id\":\"https:\/\/mauritius-chamber-of-agriculture.org\/smart-agriculture\/#website\",\"url\":\"https:\/\/mauritius-chamber-of-agriculture.org\/smart-agriculture\/\",\"name\":\"Smart Agriculture Mauritius\",\"description\":\"\",\"publisher\":{\"@id\":\"https:\/\/mauritius-chamber-of-agriculture.org\/smart-agriculture\/#organization\"},\"potentialAction\":[{\"@type\":\"SearchAction\",\"target\":{\"@type\":\"EntryPoint\",\"urlTemplate\":\"https:\/\/mauritius-chamber-of-agriculture.org\/smart-agriculture\/?s={search_term_string}\"},\"query-input\":{\"@type\":\"PropertyValueSpecification\",\"valueRequired\":true,\"valueName\":\"search_term_string\"}}],\"inLanguage\":\"en-US\"},{\"@type\":\"Organization\",\"@id\":\"https:\/\/mauritius-chamber-of-agriculture.org\/smart-agriculture\/#organization\",\"name\":\"Smart Agriculture Mauritius\",\"url\":\"https:\/\/mauritius-chamber-of-agriculture.org\/smart-agriculture\/\",\"logo\":{\"@type\":\"ImageObject\",\"inLanguage\":\"en-US\",\"@id\":\"https:\/\/mauritius-chamber-of-agriculture.org\/smart-agriculture\/#\/schema\/logo\/image\/\",\"url\":\"https:\/\/mauritius-chamber-of-agriculture.org\/smart-agriculture\/wp-content\/uploads\/sites\/2\/2024\/12\/logo-smart-agriculture-rvb.png\",\"contentUrl\":\"https:\/\/mauritius-chamber-of-agriculture.org\/smart-agriculture\/wp-content\/uploads\/sites\/2\/2024\/12\/logo-smart-agriculture-rvb.png\",\"width\":300,\"height\":141,\"caption\":\"Smart Agriculture Mauritius\"},\"image\":{\"@id\":\"https:\/\/mauritius-chamber-of-agriculture.org\/smart-agriculture\/#\/schema\/logo\/image\/\"}},{\"@type\":\"Person\",\"@id\":\"https:\/\/mauritius-chamber-of-agriculture.org\/smart-agriculture\/#\/schema\/person\/b5d01b071033f5958c517ac895aee956\",\"name\":\"sebastien\",\"image\":{\"@type\":\"ImageObject\",\"inLanguage\":\"en-US\",\"@id\":\"https:\/\/mauritius-chamber-of-agriculture.org\/smart-agriculture\/#\/schema\/person\/image\/\",\"url\":\"https:\/\/secure.gravatar.com\/avatar\/1db3e3d347c7833045868350996b591c?s=96&d=mm&r=g\",\"contentUrl\":\"https:\/\/secure.gravatar.com\/avatar\/1db3e3d347c7833045868350996b591c?s=96&d=mm&r=g\",\"caption\":\"sebastien\"},\"sameAs\":[\"https:\/\/mauritius-chamber-of-agriculture.org\"],\"url\":\"https:\/\/mauritius-chamber-of-agriculture.org\/smart-agriculture\/author\/sebastien\/\"}]}<\/script>\n<!-- \/ Yoast SEO plugin. -->","yoast_head_json":{"title":"SANJU JHUGROO - L\u2019AGRICULTEUR RESPONSABLE 2.0 - Smart Agriculture Mauritius","robots":{"index":"index","follow":"follow","max-snippet":"max-snippet:-1","max-image-preview":"max-image-preview:large","max-video-preview":"max-video-preview:-1"},"canonical":"https:\/\/mauritius-chamber-of-agriculture.org\/smart-agriculture\/2019\/08\/14\/mr-sanju-jhugroo-lagriculteur-responsable-2-0\/","og_locale":"en_US","og_type":"article","og_title":"SANJU JHUGROO - L\u2019AGRICULTEUR RESPONSABLE 2.0 - Smart Agriculture Mauritius","og_description":"A 34 ans, Sanju Jhugroo est mari\u00e9 et il est derri\u00e8re son p\u00e8re depuis un moment pour moderniser le business de ce dernier en l\u2019informatisant entre autres. Il lui cr\u00e9e une soci\u00e9t\u00e9 et se met \u00e0 l\u2019aider \u00e0 mi-temps. Il entreprend de suivre les formations du projet Smart Agriculture ou du FAREI afin d\u2019inscrire le [&hellip;]","og_url":"https:\/\/mauritius-chamber-of-agriculture.org\/smart-agriculture\/2019\/08\/14\/mr-sanju-jhugroo-lagriculteur-responsable-2-0\/","og_site_name":"Smart Agriculture Mauritius","article_published_time":"2019-08-14T20:01:08+00:00","og_image":[{"width":400,"height":600,"url":"https:\/\/mauritius-chamber-of-agriculture.org\/smart-agriculture\/wp-content\/uploads\/sites\/2\/2024\/12\/c2.jpg","type":"image\/jpeg"}],"author":"sebastien","twitter_card":"summary_large_image","twitter_misc":{"Written by":"sebastien","Est. reading time":"2 minutes"},"schema":{"@context":"https:\/\/schema.org","@graph":[{"@type":"Article","@id":"https:\/\/mauritius-chamber-of-agriculture.org\/smart-agriculture\/2019\/08\/14\/mr-sanju-jhugroo-lagriculteur-responsable-2-0\/#article","isPartOf":{"@id":"https:\/\/mauritius-chamber-of-agriculture.org\/smart-agriculture\/2019\/08\/14\/mr-sanju-jhugroo-lagriculteur-responsable-2-0\/"},"author":{"name":"sebastien","@id":"https:\/\/mauritius-chamber-of-agriculture.org\/smart-agriculture\/#\/schema\/person\/b5d01b071033f5958c517ac895aee956"},"headline":"SANJU JHUGROO &#8211; L\u2019AGRICULTEUR RESPONSABLE 2.0","datePublished":"2019-08-14T20:01:08+00:00","mainEntityOfPage":{"@id":"https:\/\/mauritius-chamber-of-agriculture.org\/smart-agriculture\/2019\/08\/14\/mr-sanju-jhugroo-lagriculteur-responsable-2-0\/"},"wordCount":448,"publisher":{"@id":"https:\/\/mauritius-chamber-of-agriculture.org\/smart-agriculture\/#organization"},"image":{"@id":"https:\/\/mauritius-chamber-of-agriculture.org\/smart-agriculture\/2019\/08\/14\/mr-sanju-jhugroo-lagriculteur-responsable-2-0\/#primaryimage"},"thumbnailUrl":"https:\/\/mauritius-chamber-of-agriculture.org\/smart-agriculture\/wp-content\/uploads\/sites\/2\/2024\/12\/c2.jpg","articleSection":["Smart Agriculture&gt;Community"],"inLanguage":"en-US"},{"@type":"WebPage","@id":"https:\/\/mauritius-chamber-of-agriculture.org\/smart-agriculture\/2019\/08\/14\/mr-sanju-jhugroo-lagriculteur-responsable-2-0\/","url":"https:\/\/mauritius-chamber-of-agriculture.org\/smart-agriculture\/2019\/08\/14\/mr-sanju-jhugroo-lagriculteur-responsable-2-0\/","name":"SANJU JHUGROO - L\u2019AGRICULTEUR RESPONSABLE 2.0 - Smart Agriculture Mauritius","isPartOf":{"@id":"https:\/\/mauritius-chamber-of-agriculture.org\/smart-agriculture\/#website"},"primaryImageOfPage":{"@id":"https:\/\/mauritius-chamber-of-agriculture.org\/smart-agriculture\/2019\/08\/14\/mr-sanju-jhugroo-lagriculteur-responsable-2-0\/#primaryimage"},"image":{"@id":"https:\/\/mauritius-chamber-of-agriculture.org\/smart-agriculture\/2019\/08\/14\/mr-sanju-jhugroo-lagriculteur-responsable-2-0\/#primaryimage"},"thumbnailUrl":"https:\/\/mauritius-chamber-of-agriculture.org\/smart-agriculture\/wp-content\/uploads\/sites\/2\/2024\/12\/c2.jpg","datePublished":"2019-08-14T20:01:08+00:00","breadcrumb":{"@id":"https:\/\/mauritius-chamber-of-agriculture.org\/smart-agriculture\/2019\/08\/14\/mr-sanju-jhugroo-lagriculteur-responsable-2-0\/#breadcrumb"},"inLanguage":"en-US","potentialAction":[{"@type":"ReadAction","target":["https:\/\/mauritius-chamber-of-agriculture.org\/smart-agriculture\/2019\/08\/14\/mr-sanju-jhugroo-lagriculteur-responsable-2-0\/"]}]},{"@type":"ImageObject","inLanguage":"en-US","@id":"https:\/\/mauritius-chamber-of-agriculture.org\/smart-agriculture\/2019\/08\/14\/mr-sanju-jhugroo-lagriculteur-responsable-2-0\/#primaryimage","url":"https:\/\/mauritius-chamber-of-agriculture.org\/smart-agriculture\/wp-content\/uploads\/sites\/2\/2024\/12\/c2.jpg","contentUrl":"https:\/\/mauritius-chamber-of-agriculture.org\/smart-agriculture\/wp-content\/uploads\/sites\/2\/2024\/12\/c2.jpg","width":400,"height":600},{"@type":"BreadcrumbList","@id":"https:\/\/mauritius-chamber-of-agriculture.org\/smart-agriculture\/2019\/08\/14\/mr-sanju-jhugroo-lagriculteur-responsable-2-0\/#breadcrumb","itemListElement":[{"@type":"ListItem","position":1,"name":"Home","item":"https:\/\/mauritius-chamber-of-agriculture.org\/smart-agriculture\/"},{"@type":"ListItem","position":2,"name":"SANJU JHUGROO &#8211; L\u2019AGRICULTEUR RESPONSABLE 2.0"}]},{"@type":"WebSite","@id":"https:\/\/mauritius-chamber-of-agriculture.org\/smart-agriculture\/#website","url":"https:\/\/mauritius-chamber-of-agriculture.org\/smart-agriculture\/","name":"Smart Agriculture Mauritius","description":"","publisher":{"@id":"https:\/\/mauritius-chamber-of-agriculture.org\/smart-agriculture\/#organization"},"potentialAction":[{"@type":"SearchAction","target":{"@type":"EntryPoint","urlTemplate":"https:\/\/mauritius-chamber-of-agriculture.org\/smart-agriculture\/?s={search_term_string}"},"query-input":{"@type":"PropertyValueSpecification","valueRequired":true,"valueName":"search_term_string"}}],"inLanguage":"en-US"},{"@type":"Organization","@id":"https:\/\/mauritius-chamber-of-agriculture.org\/smart-agriculture\/#organization","name":"Smart Agriculture Mauritius","url":"https:\/\/mauritius-chamber-of-agriculture.org\/smart-agriculture\/","logo":{"@type":"ImageObject","inLanguage":"en-US","@id":"https:\/\/mauritius-chamber-of-agriculture.org\/smart-agriculture\/#\/schema\/logo\/image\/","url":"https:\/\/mauritius-chamber-of-agriculture.org\/smart-agriculture\/wp-content\/uploads\/sites\/2\/2024\/12\/logo-smart-agriculture-rvb.png","contentUrl":"https:\/\/mauritius-chamber-of-agriculture.org\/smart-agriculture\/wp-content\/uploads\/sites\/2\/2024\/12\/logo-smart-agriculture-rvb.png","width":300,"height":141,"caption":"Smart Agriculture Mauritius"},"image":{"@id":"https:\/\/mauritius-chamber-of-agriculture.org\/smart-agriculture\/#\/schema\/logo\/image\/"}},{"@type":"Person","@id":"https:\/\/mauritius-chamber-of-agriculture.org\/smart-agriculture\/#\/schema\/person\/b5d01b071033f5958c517ac895aee956","name":"sebastien","image":{"@type":"ImageObject","inLanguage":"en-US","@id":"https:\/\/mauritius-chamber-of-agriculture.org\/smart-agriculture\/#\/schema\/person\/image\/","url":"https:\/\/secure.gravatar.com\/avatar\/1db3e3d347c7833045868350996b591c?s=96&d=mm&r=g","contentUrl":"https:\/\/secure.gravatar.com\/avatar\/1db3e3d347c7833045868350996b591c?s=96&d=mm&r=g","caption":"sebastien"},"sameAs":["https:\/\/mauritius-chamber-of-agriculture.org"],"url":"https:\/\/mauritius-chamber-of-agriculture.org\/smart-agriculture\/author\/sebastien\/"}]}},"_links":{"self":[{"href":"https:\/\/mauritius-chamber-of-agriculture.org\/smart-agriculture\/wp-json\/wp\/v2\/posts\/192","targetHints":{"allow":["GET"]}}],"collection":[{"href":"https:\/\/mauritius-chamber-of-agriculture.org\/smart-agriculture\/wp-json\/wp\/v2\/posts"}],"about":[{"href":"https:\/\/mauritius-chamber-of-agriculture.org\/smart-agriculture\/wp-json\/wp\/v2\/types\/post"}],"author":[{"embeddable":true,"href":"https:\/\/mauritius-chamber-of-agriculture.org\/smart-agriculture\/wp-json\/wp\/v2\/users\/1"}],"replies":[{"embeddable":true,"href":"https:\/\/mauritius-chamber-of-agriculture.org\/smart-agriculture\/wp-json\/wp\/v2\/comments?post=192"}],"version-history":[{"count":0,"href":"https:\/\/mauritius-chamber-of-agriculture.org\/smart-agriculture\/wp-json\/wp\/v2\/posts\/192\/revisions"}],"wp:featuredmedia":[{"embeddable":true,"href":"https:\/\/mauritius-chamber-of-agriculture.org\/smart-agriculture\/wp-json\/wp\/v2\/media\/193"}],"wp:attachment":[{"href":"https:\/\/mauritius-chamber-of-agriculture.org\/smart-agriculture\/wp-json\/wp\/v2\/media?parent=192"}],"wp:term":[{"taxonomy":"category","embeddable":true,"href":"https:\/\/mauritius-chamber-of-agriculture.org\/smart-agriculture\/wp-json\/wp\/v2\/categories?post=192"},{"taxonomy":"post_tag","embeddable":true,"href":"https:\/\/mauritius-chamber-of-agriculture.org\/smart-agriculture\/wp-json\/wp\/v2\/tags?post=192"}],"curies":[{"name":"wp","href":"https:\/\/api.w.org\/{rel}","templated":true}]}}