{"id":196,"date":"2019-11-04T20:10:07","date_gmt":"2019-11-04T20:10:07","guid":{"rendered":"https:\/\/mauritius-chamber-of-agriculture.org\/smart-agriculture\/2019\/11\/04\/tunraz-rampall-le-travailleur-social-engage\/"},"modified":"2019-11-04T20:10:07","modified_gmt":"2019-11-04T20:10:07","slug":"tunraz-rampall-le-travailleur-social-engage","status":"publish","type":"post","link":"https:\/\/mauritius-chamber-of-agriculture.org\/smart-agriculture\/2019\/11\/04\/tunraz-rampall-le-travailleur-social-engage\/","title":{"rendered":"TUNRAZ RAMPALL &#8211; LE TRAVAILLEUR SOCIAL ENGAG\u00c9"},"content":{"rendered":"<p>Pour \u00ab Rampall \u00bb comme tous l\u2019appellent, c\u2019est clair, ce n\u2019est pas lui qui a choisi l\u2019agriculture mais c&#8217;est l\u2019agriculture qui l\u2019a choisi. Il vit cela comme un r\u00e9el engagement \u00e0 l\u2019image de tout ce qu\u2019il accomplit dans sa vie. \u00ab Ce m\u00e9tier demande une grande patience et une lutte de tous les jours \u00bb, nous raconte le militant qui plante le d\u00e9cor d\u2019entr\u00e9e de jeu.<\/p>\n<p>\u00c0 tout juste 60 ans, Tunraz se rem\u00e9more avoir grandi dans les plantations. Depuis son grand-p\u00e8re, puis son p\u00e8re, aider dans la plantation a toujours fait partie de son quotidien depuis l\u2019\u00e2ge de 5 ans. \u00c0 l\u2019\u00e9poque, les familles sont nombreuses : la g\u00e9n\u00e9ration de son grand-p\u00e8re comptait 11 enfants, celle de son p\u00e8re 8 : de quoi faire une bonne main d\u2018\u0153uvre au sein m\u00eame de la famille. Lorsqu\u2019il atteint l\u2019\u00e2ge d\u2019aller \u00e9tudier, il poursuit ses \u00e9tudes tertiaires en Inde en \u00e9tudiant la botanique, biologie et zoologie. Apr\u00e8s sa licence, son p\u00e8re d\u00e9c\u00e8de, les moyens manquent et Tunraz rentre \u00e0 Maurice pour commencer \u00e0 travailler afin d\u2019aider la famille.<\/p>\n<p>Il commence sa carri\u00e8re dans le textile \u00ab\u00a0knitwear\u00a0\u00bb pour aider un ami et y restera dix ans. Il emploie beaucoup de jeunes de l\u2019endroit et se cr\u00e9er une certaine popularit\u00e9. Tunraz aime les gens. L\u2019agriculture ne tarde pas \u00e0 le rattraper. Mari\u00e9 et p\u00e8re de 2 filles, il recherche plus d\u2019ind\u00e9pendance et souhaite se mettre \u00e0 son compte. Il se voit offrir des postes int\u00e9ressants au FAREI notamment mais l\u2019\u00e9lectron libre ne se voit pas dans un poste de fonctionnaire qui est loin de correspondre \u00e0 sa personnalit\u00e9.<\/p>\n<p>Tunraz ne se contente pas d\u2019\u00eatre agriculteur \u00e0 son compte. C\u2019est un travailleur social actif dans sa r\u00e9gion. Occupant plusieurs postes b\u00e9n\u00e9voles, Tunraz a \u00e0 c\u0153ur d\u2019aider les jeunes du quartier \u00e0 sortir de l\u2019alcool et la drogue, il cr\u00e9e un club de sport, facilite le transport et les \u00e9quipements pour les matchs, s\u2019occupe du centre communautaire de La Marie, en leur donnant des occupations, s\u2019occupe de la tr\u00e9sorerie de la coop\u00e9rative qu\u2019ils montent entre amis. La politique devient une \u00e9vidence, il se pr\u00e9sente aux municipales et si\u00e8ge au sein de l\u2019opposition pour d\u00e9fendre ses causes durant quelques ann\u00e9es.<\/p>\n<p>Aujourd\u2019hui Tunraz comprend les rouages du syst\u00e8me et soutient que ce n\u2019est qu\u2019en ayant un comit\u00e9 public-priv\u00e9 que les gouvernements successifs arriveront \u00e0 cr\u00e9er quelque chose de durable. Il pense qu\u2019il faut qu\u2019il y ait une charte qui r\u00e8glemente les prix des l\u00e9gumes selon les saisons afin que certains maillons de la chaine alimentaire arr\u00eatent de faire la pluie et le beau temps \u00e0 leur guise. Il maintient que c\u2019est au d\u00e9triment des consommateurs et c\u2019est pourquoi, il continue \u00e0 faire une certaine politique.<\/p>\n<p>Tunraz constate que les nouvelles g\u00e9n\u00e9rations de consommateurs consomment diff\u00e9remment et que \u00e7a va en faveur de l\u2019agriculture raisonn\u00e9e. \u00ab Ils sont de plus en plus conscients et sauront valoriser cette nouvelle fa\u00e7on de produire \u00bb. Il d\u00e9crit \u00e9galement les travailleurs qui sont de plus en plus difficiles \u00e0 trouver et \u00e0 garder sur les plantations. \u00ab Nous ne pouvons nous projeter si on n\u2019a pas une \u00e9quipe sur qui compter \u00bb. Il pense employer des Bangladeshis dans un proche avenir au sein de la coop\u00e9rative. Ils pourront, \u00e0 ce moment, mieux planifier.<\/p>\n<p>Tunraz s\u2019int\u00e9resse aux m\u00e9thodes palliatives, il est conscient qu\u2019on doit s\u2019occuper de notre sol pour qu\u2019il soit fertile sur le long terme. Il nous parle de pollinisation et de m\u00e9thodes avant-gardistes qu\u2019il a vu \u00e0 l\u2019\u00e9tranger ou on cultive \u00e0 la verticale.<\/p>\n<p>Tunraz est sp\u00e9cialis\u00e9 dans la production des semences. Il produit aussi de l\u2019ail et de l\u2019oignon en \u2018nursery\u2019.<\/p>\n<p>Aujourd\u2019hui, il se rend compte qu\u2019avec ses deux filles \u00e9tudiant respectivement le droit et le xxx, la rel\u00e8ve ne sera pas assur\u00e9e dans l\u2019agriculture mais il aura donn\u00e9 le choix \u00e0 ces derni\u00e8res de r\u00e9ussir leur vie.<\/p>\n<p>\u00ab\u00a0L\u2019agriculture est une denr\u00e9e primordiale. Il s\u2019agit de l\u2019alimentation, on ne pourra jamais nous en passer. Ce ne sera jamais un luxe. Il faut un meilleur \u00e9quilibre et une meilleure planification du secteur\u00a0\u00bb. L\u2019agriculture est un dur m\u00e9tier mais c\u2019est un m\u00e9tier noble qu\u2019il nous faut faire perdurer. Chaque ann\u00e9e, une nouvelle cuv\u00e9e de jeunes dipl\u00f4m\u00e9s sortent de l\u2019universit\u00e9 mais on en retrouve tr\u00e8s peu sur le terrain. \u00ab\u00a0 O\u00f9 sont-ils\u00a0? Vont-ils tous travailler dans les bureaux, ce n\u2019est pas ma d\u00e9finition de l\u2019agriculture \u00bb, nous confie cet homme de terrain.<\/p>\n","protected":false},"excerpt":{"rendered":"<p>Pour \u00ab Rampall \u00bb comme tous l\u2019appellent, c\u2019est clair, ce n\u2019est pas lui qui a choisi l\u2019agriculture mais c&#8217;est l\u2019agriculture qui l\u2019a choisi. Il vit cela comme un r\u00e9el engagement \u00e0 l\u2019image de tout ce qu\u2019il accomplit dans sa vie. \u00ab Ce m\u00e9tier demande une grande patience et une lutte de tous les jours \u00bb, [&hellip;]<\/p>\n","protected":false},"author":1,"featured_media":197,"comment_status":"closed","ping_status":"closed","sticky":false,"template":"","format":"standard","meta":{"footnotes":""},"categories":[10],"tags":[],"class_list":["post-196","post","type-post","status-publish","format-standard","has-post-thumbnail","hentry","category-smart-agriculturecommunity"],"yoast_head":"<!-- This site is optimized with the Yoast SEO plugin v26.0 - https:\/\/yoast.com\/wordpress\/plugins\/seo\/ -->\n<title>TUNRAZ RAMPALL - LE TRAVAILLEUR SOCIAL ENGAG\u00c9 - Smart Agriculture Mauritius<\/title>\n<meta name=\"robots\" content=\"index, follow, max-snippet:-1, max-image-preview:large, max-video-preview:-1\" \/>\n<link rel=\"canonical\" href=\"https:\/\/mauritius-chamber-of-agriculture.org\/smart-agriculture\/2019\/11\/04\/tunraz-rampall-le-travailleur-social-engage\/\" \/>\n<meta property=\"og:locale\" content=\"en_US\" \/>\n<meta property=\"og:type\" content=\"article\" \/>\n<meta property=\"og:title\" content=\"TUNRAZ RAMPALL - LE TRAVAILLEUR SOCIAL ENGAG\u00c9 - Smart Agriculture Mauritius\" \/>\n<meta property=\"og:description\" content=\"Pour \u00ab Rampall \u00bb comme tous l\u2019appellent, c\u2019est clair, ce n\u2019est pas lui qui a choisi l\u2019agriculture mais c&#8217;est l\u2019agriculture qui l\u2019a choisi. Il vit cela comme un r\u00e9el engagement \u00e0 l\u2019image de tout ce qu\u2019il accomplit dans sa vie. \u00ab Ce m\u00e9tier demande une grande patience et une lutte de tous les jours \u00bb, [&hellip;]\" \/>\n<meta property=\"og:url\" content=\"https:\/\/mauritius-chamber-of-agriculture.org\/smart-agriculture\/2019\/11\/04\/tunraz-rampall-le-travailleur-social-engage\/\" \/>\n<meta property=\"og:site_name\" content=\"Smart Agriculture Mauritius\" \/>\n<meta property=\"article:published_time\" content=\"2019-11-04T20:10:07+00:00\" \/>\n<meta property=\"og:image\" content=\"https:\/\/mauritius-chamber-of-agriculture.org\/smart-agriculture\/wp-content\/uploads\/sites\/2\/2024\/12\/372e7b1c-840f-498d-90e7-40c06d732114.jpeg\" \/>\n\t<meta property=\"og:image:width\" content=\"1280\" \/>\n\t<meta property=\"og:image:height\" content=\"960\" \/>\n\t<meta property=\"og:image:type\" content=\"image\/jpeg\" \/>\n<meta name=\"author\" content=\"sebastien\" \/>\n<meta name=\"twitter:card\" content=\"summary_large_image\" \/>\n<meta name=\"twitter:label1\" content=\"Written by\" \/>\n\t<meta name=\"twitter:data1\" content=\"sebastien\" \/>\n\t<meta name=\"twitter:label2\" content=\"Est. reading time\" \/>\n\t<meta name=\"twitter:data2\" content=\"4 minutes\" \/>\n<script type=\"application\/ld+json\" class=\"yoast-schema-graph\">{\"@context\":\"https:\/\/schema.org\",\"@graph\":[{\"@type\":\"Article\",\"@id\":\"https:\/\/mauritius-chamber-of-agriculture.org\/smart-agriculture\/2019\/11\/04\/tunraz-rampall-le-travailleur-social-engage\/#article\",\"isPartOf\":{\"@id\":\"https:\/\/mauritius-chamber-of-agriculture.org\/smart-agriculture\/2019\/11\/04\/tunraz-rampall-le-travailleur-social-engage\/\"},\"author\":{\"name\":\"sebastien\",\"@id\":\"https:\/\/mauritius-chamber-of-agriculture.org\/smart-agriculture\/#\/schema\/person\/b5d01b071033f5958c517ac895aee956\"},\"headline\":\"TUNRAZ RAMPALL &#8211; LE TRAVAILLEUR SOCIAL ENGAG\u00c9\",\"datePublished\":\"2019-11-04T20:10:07+00:00\",\"mainEntityOfPage\":{\"@id\":\"https:\/\/mauritius-chamber-of-agriculture.org\/smart-agriculture\/2019\/11\/04\/tunraz-rampall-le-travailleur-social-engage\/\"},\"wordCount\":817,\"publisher\":{\"@id\":\"https:\/\/mauritius-chamber-of-agriculture.org\/smart-agriculture\/#organization\"},\"image\":{\"@id\":\"https:\/\/mauritius-chamber-of-agriculture.org\/smart-agriculture\/2019\/11\/04\/tunraz-rampall-le-travailleur-social-engage\/#primaryimage\"},\"thumbnailUrl\":\"https:\/\/mauritius-chamber-of-agriculture.org\/smart-agriculture\/wp-content\/uploads\/sites\/2\/2024\/12\/372e7b1c-840f-498d-90e7-40c06d732114.jpeg\",\"articleSection\":[\"Smart Agriculture&gt;Community\"],\"inLanguage\":\"en-US\"},{\"@type\":\"WebPage\",\"@id\":\"https:\/\/mauritius-chamber-of-agriculture.org\/smart-agriculture\/2019\/11\/04\/tunraz-rampall-le-travailleur-social-engage\/\",\"url\":\"https:\/\/mauritius-chamber-of-agriculture.org\/smart-agriculture\/2019\/11\/04\/tunraz-rampall-le-travailleur-social-engage\/\",\"name\":\"TUNRAZ RAMPALL - LE TRAVAILLEUR SOCIAL ENGAG\u00c9 - Smart Agriculture Mauritius\",\"isPartOf\":{\"@id\":\"https:\/\/mauritius-chamber-of-agriculture.org\/smart-agriculture\/#website\"},\"primaryImageOfPage\":{\"@id\":\"https:\/\/mauritius-chamber-of-agriculture.org\/smart-agriculture\/2019\/11\/04\/tunraz-rampall-le-travailleur-social-engage\/#primaryimage\"},\"image\":{\"@id\":\"https:\/\/mauritius-chamber-of-agriculture.org\/smart-agriculture\/2019\/11\/04\/tunraz-rampall-le-travailleur-social-engage\/#primaryimage\"},\"thumbnailUrl\":\"https:\/\/mauritius-chamber-of-agriculture.org\/smart-agriculture\/wp-content\/uploads\/sites\/2\/2024\/12\/372e7b1c-840f-498d-90e7-40c06d732114.jpeg\",\"datePublished\":\"2019-11-04T20:10:07+00:00\",\"breadcrumb\":{\"@id\":\"https:\/\/mauritius-chamber-of-agriculture.org\/smart-agriculture\/2019\/11\/04\/tunraz-rampall-le-travailleur-social-engage\/#breadcrumb\"},\"inLanguage\":\"en-US\",\"potentialAction\":[{\"@type\":\"ReadAction\",\"target\":[\"https:\/\/mauritius-chamber-of-agriculture.org\/smart-agriculture\/2019\/11\/04\/tunraz-rampall-le-travailleur-social-engage\/\"]}]},{\"@type\":\"ImageObject\",\"inLanguage\":\"en-US\",\"@id\":\"https:\/\/mauritius-chamber-of-agriculture.org\/smart-agriculture\/2019\/11\/04\/tunraz-rampall-le-travailleur-social-engage\/#primaryimage\",\"url\":\"https:\/\/mauritius-chamber-of-agriculture.org\/smart-agriculture\/wp-content\/uploads\/sites\/2\/2024\/12\/372e7b1c-840f-498d-90e7-40c06d732114.jpeg\",\"contentUrl\":\"https:\/\/mauritius-chamber-of-agriculture.org\/smart-agriculture\/wp-content\/uploads\/sites\/2\/2024\/12\/372e7b1c-840f-498d-90e7-40c06d732114.jpeg\",\"width\":1280,\"height\":960},{\"@type\":\"BreadcrumbList\",\"@id\":\"https:\/\/mauritius-chamber-of-agriculture.org\/smart-agriculture\/2019\/11\/04\/tunraz-rampall-le-travailleur-social-engage\/#breadcrumb\",\"itemListElement\":[{\"@type\":\"ListItem\",\"position\":1,\"name\":\"Home\",\"item\":\"https:\/\/mauritius-chamber-of-agriculture.org\/smart-agriculture\/\"},{\"@type\":\"ListItem\",\"position\":2,\"name\":\"TUNRAZ RAMPALL &#8211; LE TRAVAILLEUR SOCIAL ENGAG\u00c9\"}]},{\"@type\":\"WebSite\",\"@id\":\"https:\/\/mauritius-chamber-of-agriculture.org\/smart-agriculture\/#website\",\"url\":\"https:\/\/mauritius-chamber-of-agriculture.org\/smart-agriculture\/\",\"name\":\"Smart Agriculture Mauritius\",\"description\":\"\",\"publisher\":{\"@id\":\"https:\/\/mauritius-chamber-of-agriculture.org\/smart-agriculture\/#organization\"},\"potentialAction\":[{\"@type\":\"SearchAction\",\"target\":{\"@type\":\"EntryPoint\",\"urlTemplate\":\"https:\/\/mauritius-chamber-of-agriculture.org\/smart-agriculture\/?s={search_term_string}\"},\"query-input\":{\"@type\":\"PropertyValueSpecification\",\"valueRequired\":true,\"valueName\":\"search_term_string\"}}],\"inLanguage\":\"en-US\"},{\"@type\":\"Organization\",\"@id\":\"https:\/\/mauritius-chamber-of-agriculture.org\/smart-agriculture\/#organization\",\"name\":\"Smart Agriculture Mauritius\",\"url\":\"https:\/\/mauritius-chamber-of-agriculture.org\/smart-agriculture\/\",\"logo\":{\"@type\":\"ImageObject\",\"inLanguage\":\"en-US\",\"@id\":\"https:\/\/mauritius-chamber-of-agriculture.org\/smart-agriculture\/#\/schema\/logo\/image\/\",\"url\":\"https:\/\/mauritius-chamber-of-agriculture.org\/smart-agriculture\/wp-content\/uploads\/sites\/2\/2024\/12\/logo-smart-agriculture-rvb.png\",\"contentUrl\":\"https:\/\/mauritius-chamber-of-agriculture.org\/smart-agriculture\/wp-content\/uploads\/sites\/2\/2024\/12\/logo-smart-agriculture-rvb.png\",\"width\":300,\"height\":141,\"caption\":\"Smart Agriculture Mauritius\"},\"image\":{\"@id\":\"https:\/\/mauritius-chamber-of-agriculture.org\/smart-agriculture\/#\/schema\/logo\/image\/\"}},{\"@type\":\"Person\",\"@id\":\"https:\/\/mauritius-chamber-of-agriculture.org\/smart-agriculture\/#\/schema\/person\/b5d01b071033f5958c517ac895aee956\",\"name\":\"sebastien\",\"image\":{\"@type\":\"ImageObject\",\"inLanguage\":\"en-US\",\"@id\":\"https:\/\/mauritius-chamber-of-agriculture.org\/smart-agriculture\/#\/schema\/person\/image\/\",\"url\":\"https:\/\/secure.gravatar.com\/avatar\/1db3e3d347c7833045868350996b591c?s=96&d=mm&r=g\",\"contentUrl\":\"https:\/\/secure.gravatar.com\/avatar\/1db3e3d347c7833045868350996b591c?s=96&d=mm&r=g\",\"caption\":\"sebastien\"},\"sameAs\":[\"https:\/\/mauritius-chamber-of-agriculture.org\"],\"url\":\"https:\/\/mauritius-chamber-of-agriculture.org\/smart-agriculture\/author\/sebastien\/\"}]}<\/script>\n<!-- \/ Yoast SEO plugin. -->","yoast_head_json":{"title":"TUNRAZ RAMPALL - LE TRAVAILLEUR SOCIAL ENGAG\u00c9 - Smart Agriculture Mauritius","robots":{"index":"index","follow":"follow","max-snippet":"max-snippet:-1","max-image-preview":"max-image-preview:large","max-video-preview":"max-video-preview:-1"},"canonical":"https:\/\/mauritius-chamber-of-agriculture.org\/smart-agriculture\/2019\/11\/04\/tunraz-rampall-le-travailleur-social-engage\/","og_locale":"en_US","og_type":"article","og_title":"TUNRAZ RAMPALL - LE TRAVAILLEUR SOCIAL ENGAG\u00c9 - Smart Agriculture Mauritius","og_description":"Pour \u00ab Rampall \u00bb comme tous l\u2019appellent, c\u2019est clair, ce n\u2019est pas lui qui a choisi l\u2019agriculture mais c&#8217;est l\u2019agriculture qui l\u2019a choisi. Il vit cela comme un r\u00e9el engagement \u00e0 l\u2019image de tout ce qu\u2019il accomplit dans sa vie. \u00ab Ce m\u00e9tier demande une grande patience et une lutte de tous les jours \u00bb, [&hellip;]","og_url":"https:\/\/mauritius-chamber-of-agriculture.org\/smart-agriculture\/2019\/11\/04\/tunraz-rampall-le-travailleur-social-engage\/","og_site_name":"Smart Agriculture Mauritius","article_published_time":"2019-11-04T20:10:07+00:00","og_image":[{"width":1280,"height":960,"url":"https:\/\/mauritius-chamber-of-agriculture.org\/smart-agriculture\/wp-content\/uploads\/sites\/2\/2024\/12\/372e7b1c-840f-498d-90e7-40c06d732114.jpeg","type":"image\/jpeg"}],"author":"sebastien","twitter_card":"summary_large_image","twitter_misc":{"Written by":"sebastien","Est. reading time":"4 minutes"},"schema":{"@context":"https:\/\/schema.org","@graph":[{"@type":"Article","@id":"https:\/\/mauritius-chamber-of-agriculture.org\/smart-agriculture\/2019\/11\/04\/tunraz-rampall-le-travailleur-social-engage\/#article","isPartOf":{"@id":"https:\/\/mauritius-chamber-of-agriculture.org\/smart-agriculture\/2019\/11\/04\/tunraz-rampall-le-travailleur-social-engage\/"},"author":{"name":"sebastien","@id":"https:\/\/mauritius-chamber-of-agriculture.org\/smart-agriculture\/#\/schema\/person\/b5d01b071033f5958c517ac895aee956"},"headline":"TUNRAZ RAMPALL &#8211; LE TRAVAILLEUR SOCIAL ENGAG\u00c9","datePublished":"2019-11-04T20:10:07+00:00","mainEntityOfPage":{"@id":"https:\/\/mauritius-chamber-of-agriculture.org\/smart-agriculture\/2019\/11\/04\/tunraz-rampall-le-travailleur-social-engage\/"},"wordCount":817,"publisher":{"@id":"https:\/\/mauritius-chamber-of-agriculture.org\/smart-agriculture\/#organization"},"image":{"@id":"https:\/\/mauritius-chamber-of-agriculture.org\/smart-agriculture\/2019\/11\/04\/tunraz-rampall-le-travailleur-social-engage\/#primaryimage"},"thumbnailUrl":"https:\/\/mauritius-chamber-of-agriculture.org\/smart-agriculture\/wp-content\/uploads\/sites\/2\/2024\/12\/372e7b1c-840f-498d-90e7-40c06d732114.jpeg","articleSection":["Smart Agriculture&gt;Community"],"inLanguage":"en-US"},{"@type":"WebPage","@id":"https:\/\/mauritius-chamber-of-agriculture.org\/smart-agriculture\/2019\/11\/04\/tunraz-rampall-le-travailleur-social-engage\/","url":"https:\/\/mauritius-chamber-of-agriculture.org\/smart-agriculture\/2019\/11\/04\/tunraz-rampall-le-travailleur-social-engage\/","name":"TUNRAZ RAMPALL - LE TRAVAILLEUR SOCIAL ENGAG\u00c9 - Smart Agriculture Mauritius","isPartOf":{"@id":"https:\/\/mauritius-chamber-of-agriculture.org\/smart-agriculture\/#website"},"primaryImageOfPage":{"@id":"https:\/\/mauritius-chamber-of-agriculture.org\/smart-agriculture\/2019\/11\/04\/tunraz-rampall-le-travailleur-social-engage\/#primaryimage"},"image":{"@id":"https:\/\/mauritius-chamber-of-agriculture.org\/smart-agriculture\/2019\/11\/04\/tunraz-rampall-le-travailleur-social-engage\/#primaryimage"},"thumbnailUrl":"https:\/\/mauritius-chamber-of-agriculture.org\/smart-agriculture\/wp-content\/uploads\/sites\/2\/2024\/12\/372e7b1c-840f-498d-90e7-40c06d732114.jpeg","datePublished":"2019-11-04T20:10:07+00:00","breadcrumb":{"@id":"https:\/\/mauritius-chamber-of-agriculture.org\/smart-agriculture\/2019\/11\/04\/tunraz-rampall-le-travailleur-social-engage\/#breadcrumb"},"inLanguage":"en-US","potentialAction":[{"@type":"ReadAction","target":["https:\/\/mauritius-chamber-of-agriculture.org\/smart-agriculture\/2019\/11\/04\/tunraz-rampall-le-travailleur-social-engage\/"]}]},{"@type":"ImageObject","inLanguage":"en-US","@id":"https:\/\/mauritius-chamber-of-agriculture.org\/smart-agriculture\/2019\/11\/04\/tunraz-rampall-le-travailleur-social-engage\/#primaryimage","url":"https:\/\/mauritius-chamber-of-agriculture.org\/smart-agriculture\/wp-content\/uploads\/sites\/2\/2024\/12\/372e7b1c-840f-498d-90e7-40c06d732114.jpeg","contentUrl":"https:\/\/mauritius-chamber-of-agriculture.org\/smart-agriculture\/wp-content\/uploads\/sites\/2\/2024\/12\/372e7b1c-840f-498d-90e7-40c06d732114.jpeg","width":1280,"height":960},{"@type":"BreadcrumbList","@id":"https:\/\/mauritius-chamber-of-agriculture.org\/smart-agriculture\/2019\/11\/04\/tunraz-rampall-le-travailleur-social-engage\/#breadcrumb","itemListElement":[{"@type":"ListItem","position":1,"name":"Home","item":"https:\/\/mauritius-chamber-of-agriculture.org\/smart-agriculture\/"},{"@type":"ListItem","position":2,"name":"TUNRAZ RAMPALL &#8211; LE TRAVAILLEUR SOCIAL ENGAG\u00c9"}]},{"@type":"WebSite","@id":"https:\/\/mauritius-chamber-of-agriculture.org\/smart-agriculture\/#website","url":"https:\/\/mauritius-chamber-of-agriculture.org\/smart-agriculture\/","name":"Smart Agriculture Mauritius","description":"","publisher":{"@id":"https:\/\/mauritius-chamber-of-agriculture.org\/smart-agriculture\/#organization"},"potentialAction":[{"@type":"SearchAction","target":{"@type":"EntryPoint","urlTemplate":"https:\/\/mauritius-chamber-of-agriculture.org\/smart-agriculture\/?s={search_term_string}"},"query-input":{"@type":"PropertyValueSpecification","valueRequired":true,"valueName":"search_term_string"}}],"inLanguage":"en-US"},{"@type":"Organization","@id":"https:\/\/mauritius-chamber-of-agriculture.org\/smart-agriculture\/#organization","name":"Smart Agriculture Mauritius","url":"https:\/\/mauritius-chamber-of-agriculture.org\/smart-agriculture\/","logo":{"@type":"ImageObject","inLanguage":"en-US","@id":"https:\/\/mauritius-chamber-of-agriculture.org\/smart-agriculture\/#\/schema\/logo\/image\/","url":"https:\/\/mauritius-chamber-of-agriculture.org\/smart-agriculture\/wp-content\/uploads\/sites\/2\/2024\/12\/logo-smart-agriculture-rvb.png","contentUrl":"https:\/\/mauritius-chamber-of-agriculture.org\/smart-agriculture\/wp-content\/uploads\/sites\/2\/2024\/12\/logo-smart-agriculture-rvb.png","width":300,"height":141,"caption":"Smart Agriculture Mauritius"},"image":{"@id":"https:\/\/mauritius-chamber-of-agriculture.org\/smart-agriculture\/#\/schema\/logo\/image\/"}},{"@type":"Person","@id":"https:\/\/mauritius-chamber-of-agriculture.org\/smart-agriculture\/#\/schema\/person\/b5d01b071033f5958c517ac895aee956","name":"sebastien","image":{"@type":"ImageObject","inLanguage":"en-US","@id":"https:\/\/mauritius-chamber-of-agriculture.org\/smart-agriculture\/#\/schema\/person\/image\/","url":"https:\/\/secure.gravatar.com\/avatar\/1db3e3d347c7833045868350996b591c?s=96&d=mm&r=g","contentUrl":"https:\/\/secure.gravatar.com\/avatar\/1db3e3d347c7833045868350996b591c?s=96&d=mm&r=g","caption":"sebastien"},"sameAs":["https:\/\/mauritius-chamber-of-agriculture.org"],"url":"https:\/\/mauritius-chamber-of-agriculture.org\/smart-agriculture\/author\/sebastien\/"}]}},"_links":{"self":[{"href":"https:\/\/mauritius-chamber-of-agriculture.org\/smart-agriculture\/wp-json\/wp\/v2\/posts\/196","targetHints":{"allow":["GET"]}}],"collection":[{"href":"https:\/\/mauritius-chamber-of-agriculture.org\/smart-agriculture\/wp-json\/wp\/v2\/posts"}],"about":[{"href":"https:\/\/mauritius-chamber-of-agriculture.org\/smart-agriculture\/wp-json\/wp\/v2\/types\/post"}],"author":[{"embeddable":true,"href":"https:\/\/mauritius-chamber-of-agriculture.org\/smart-agriculture\/wp-json\/wp\/v2\/users\/1"}],"replies":[{"embeddable":true,"href":"https:\/\/mauritius-chamber-of-agriculture.org\/smart-agriculture\/wp-json\/wp\/v2\/comments?post=196"}],"version-history":[{"count":0,"href":"https:\/\/mauritius-chamber-of-agriculture.org\/smart-agriculture\/wp-json\/wp\/v2\/posts\/196\/revisions"}],"wp:featuredmedia":[{"embeddable":true,"href":"https:\/\/mauritius-chamber-of-agriculture.org\/smart-agriculture\/wp-json\/wp\/v2\/media\/197"}],"wp:attachment":[{"href":"https:\/\/mauritius-chamber-of-agriculture.org\/smart-agriculture\/wp-json\/wp\/v2\/media?parent=196"}],"wp:term":[{"taxonomy":"category","embeddable":true,"href":"https:\/\/mauritius-chamber-of-agriculture.org\/smart-agriculture\/wp-json\/wp\/v2\/categories?post=196"},{"taxonomy":"post_tag","embeddable":true,"href":"https:\/\/mauritius-chamber-of-agriculture.org\/smart-agriculture\/wp-json\/wp\/v2\/tags?post=196"}],"curies":[{"name":"wp","href":"https:\/\/api.w.org\/{rel}","templated":true}]}}