{"id":239,"date":"2020-11-28T08:38:01","date_gmt":"2020-11-28T08:38:01","guid":{"rendered":"https:\/\/mauritius-chamber-of-agriculture.org\/smart-agriculture\/2020\/11\/28\/smart-agriculture-etait-presente-a-la-3eme-edition-du-festival-la-isla-2068\/"},"modified":"2020-11-28T08:38:01","modified_gmt":"2020-11-28T08:38:01","slug":"smart-agriculture-etait-presente-a-la-3eme-edition-du-festival-la-isla-2068","status":"publish","type":"post","link":"https:\/\/mauritius-chamber-of-agriculture.org\/smart-agriculture\/2020\/11\/28\/smart-agriculture-etait-presente-a-la-3eme-edition-du-festival-la-isla-2068\/","title":{"rendered":"Smart Agriculture \u00e9tait pr\u00e9sente \u00e0 la 3eme \u00e9dition du festival La Isla 2068"},"content":{"rendered":"<p>L&#8217;\u00e9quipe du Projet Smart Agriculture \u00e9tait pr\u00e9sente \u00e0 la 3eme \u00e9dition du festival La Isla 2068 qui s&#8217;est tenue le samedi 28 novembre au ch\u00e2teau de Labourdonnais. Un stand haut en couleur, sur le stand du domaine lui-m\u00eame, mettait en avant les techniques palliatives et autres informations de l&#8217;agro\u00e9cologie sur toiles de fond, banni\u00e8res ou un \u00e9cran interactif. Munis de brochures et se basant sur les supports ci dessus, agronomes de la chambre d&#8217;agriculture, chefs de projets et h\u00f4tesses avaient pour objectif de sensibiliser le grand public, \u00e0 savoir les 2000 personnes venues applaudir le line up annuel, au projet et de les faire participer de fa\u00e7ons ludiques \u00e0 un quiz pour gagner 3 paniers de diff\u00e9rentes valeurs \u00e0 La Corbeille, \u00e9picerie du domaine.<\/p>\n<p><a href=\"https:\/\/mauritius-chamber-of-agriculture.org\/wp-content\/uploads\/2020\/11\/laislasocialclub-festival-laisla2068-AD-ile-maurice-158.jpg\"><img fetchpriority=\"high\" decoding=\"async\" src=\"https:\/\/mauritius-chamber-of-agriculture.org\/wp-content\/uploads\/2020\/11\/laislasocialclub-festival-laisla2068-AD-ile-maurice-158-1024x684.jpg\" alt=\"\" width=\"640\" height=\"428\" class=\"alignnone size-large wp-image-8185\" \/><\/a><\/p>\n","protected":false},"excerpt":{"rendered":"<p>L&#8217;\u00e9quipe du Projet Smart Agriculture \u00e9tait pr\u00e9sente \u00e0 la 3eme \u00e9dition du festival La Isla 2068 qui s&#8217;est tenue le samedi 28 novembre au ch\u00e2teau de Labourdonnais. Un stand haut en couleur, sur le stand du domaine lui-m\u00eame, mettait en avant les techniques palliatives et autres informations de l&#8217;agro\u00e9cologie sur toiles de fond, banni\u00e8res ou [&hellip;]<\/p>\n","protected":false},"author":1,"featured_media":0,"comment_status":"closed","ping_status":"closed","sticky":false,"template":"","format":"standard","meta":{"footnotes":""},"categories":[8],"tags":[],"class_list":["post-239","post","type-post","status-publish","format-standard","hentry","category-smart-agriculturenewsnews"],"yoast_head":"<!-- This site is optimized with the Yoast SEO plugin v26.0 - https:\/\/yoast.com\/wordpress\/plugins\/seo\/ -->\n<title>Smart Agriculture \u00e9tait pr\u00e9sente \u00e0 la 3eme \u00e9dition du festival La Isla 2068 - Smart Agriculture Mauritius<\/title>\n<meta name=\"robots\" content=\"index, follow, max-snippet:-1, max-image-preview:large, max-video-preview:-1\" \/>\n<link rel=\"canonical\" href=\"https:\/\/mauritius-chamber-of-agriculture.org\/smart-agriculture\/2020\/11\/28\/smart-agriculture-etait-presente-a-la-3eme-edition-du-festival-la-isla-2068\/\" \/>\n<meta property=\"og:locale\" content=\"en_US\" \/>\n<meta property=\"og:type\" content=\"article\" \/>\n<meta property=\"og:title\" content=\"Smart Agriculture \u00e9tait pr\u00e9sente \u00e0 la 3eme \u00e9dition du festival La Isla 2068 - Smart Agriculture Mauritius\" \/>\n<meta property=\"og:description\" content=\"L&#8217;\u00e9quipe du Projet Smart Agriculture \u00e9tait pr\u00e9sente \u00e0 la 3eme \u00e9dition du festival La Isla 2068 qui s&#8217;est tenue le samedi 28 novembre au ch\u00e2teau de Labourdonnais. Un stand haut en couleur, sur le stand du domaine lui-m\u00eame, mettait en avant les techniques palliatives et autres informations de l&#8217;agro\u00e9cologie sur toiles de fond, banni\u00e8res ou [&hellip;]\" \/>\n<meta property=\"og:url\" content=\"https:\/\/mauritius-chamber-of-agriculture.org\/smart-agriculture\/2020\/11\/28\/smart-agriculture-etait-presente-a-la-3eme-edition-du-festival-la-isla-2068\/\" \/>\n<meta property=\"og:site_name\" content=\"Smart Agriculture Mauritius\" \/>\n<meta property=\"article:published_time\" content=\"2020-11-28T08:38:01+00:00\" \/>\n<meta name=\"author\" content=\"sebastien\" \/>\n<meta name=\"twitter:card\" content=\"summary_large_image\" \/>\n<meta name=\"twitter:label1\" content=\"Written by\" \/>\n\t<meta name=\"twitter:data1\" content=\"sebastien\" \/>\n\t<meta name=\"twitter:label2\" content=\"Est. reading time\" \/>\n\t<meta name=\"twitter:data2\" content=\"1 minute\" \/>\n<script type=\"application\/ld+json\" class=\"yoast-schema-graph\">{\"@context\":\"https:\/\/schema.org\",\"@graph\":[{\"@type\":\"Article\",\"@id\":\"https:\/\/mauritius-chamber-of-agriculture.org\/smart-agriculture\/2020\/11\/28\/smart-agriculture-etait-presente-a-la-3eme-edition-du-festival-la-isla-2068\/#article\",\"isPartOf\":{\"@id\":\"https:\/\/mauritius-chamber-of-agriculture.org\/smart-agriculture\/2020\/11\/28\/smart-agriculture-etait-presente-a-la-3eme-edition-du-festival-la-isla-2068\/\"},\"author\":{\"name\":\"sebastien\",\"@id\":\"https:\/\/mauritius-chamber-of-agriculture.org\/smart-agriculture\/#\/schema\/person\/b5d01b071033f5958c517ac895aee956\"},\"headline\":\"Smart Agriculture \u00e9tait pr\u00e9sente \u00e0 la 3eme \u00e9dition du festival La Isla 2068\",\"datePublished\":\"2020-11-28T08:38:01+00:00\",\"mainEntityOfPage\":{\"@id\":\"https:\/\/mauritius-chamber-of-agriculture.org\/smart-agriculture\/2020\/11\/28\/smart-agriculture-etait-presente-a-la-3eme-edition-du-festival-la-isla-2068\/\"},\"wordCount\":137,\"publisher\":{\"@id\":\"https:\/\/mauritius-chamber-of-agriculture.org\/smart-agriculture\/#organization\"},\"image\":{\"@id\":\"https:\/\/mauritius-chamber-of-agriculture.org\/smart-agriculture\/2020\/11\/28\/smart-agriculture-etait-presente-a-la-3eme-edition-du-festival-la-isla-2068\/#primaryimage\"},\"thumbnailUrl\":\"https:\/\/mauritius-chamber-of-agriculture.org\/wp-content\/uploads\/2020\/11\/laislasocialclub-festival-laisla2068-AD-ile-maurice-158-1024x684.jpg\",\"articleSection\":[\"Smart Agriculture&gt;News|News\"],\"inLanguage\":\"en-US\"},{\"@type\":\"WebPage\",\"@id\":\"https:\/\/mauritius-chamber-of-agriculture.org\/smart-agriculture\/2020\/11\/28\/smart-agriculture-etait-presente-a-la-3eme-edition-du-festival-la-isla-2068\/\",\"url\":\"https:\/\/mauritius-chamber-of-agriculture.org\/smart-agriculture\/2020\/11\/28\/smart-agriculture-etait-presente-a-la-3eme-edition-du-festival-la-isla-2068\/\",\"name\":\"Smart Agriculture \u00e9tait pr\u00e9sente \u00e0 la 3eme \u00e9dition du festival La Isla 2068 - Smart Agriculture Mauritius\",\"isPartOf\":{\"@id\":\"https:\/\/mauritius-chamber-of-agriculture.org\/smart-agriculture\/#website\"},\"primaryImageOfPage\":{\"@id\":\"https:\/\/mauritius-chamber-of-agriculture.org\/smart-agriculture\/2020\/11\/28\/smart-agriculture-etait-presente-a-la-3eme-edition-du-festival-la-isla-2068\/#primaryimage\"},\"image\":{\"@id\":\"https:\/\/mauritius-chamber-of-agriculture.org\/smart-agriculture\/2020\/11\/28\/smart-agriculture-etait-presente-a-la-3eme-edition-du-festival-la-isla-2068\/#primaryimage\"},\"thumbnailUrl\":\"https:\/\/mauritius-chamber-of-agriculture.org\/wp-content\/uploads\/2020\/11\/laislasocialclub-festival-laisla2068-AD-ile-maurice-158-1024x684.jpg\",\"datePublished\":\"2020-11-28T08:38:01+00:00\",\"breadcrumb\":{\"@id\":\"https:\/\/mauritius-chamber-of-agriculture.org\/smart-agriculture\/2020\/11\/28\/smart-agriculture-etait-presente-a-la-3eme-edition-du-festival-la-isla-2068\/#breadcrumb\"},\"inLanguage\":\"en-US\",\"potentialAction\":[{\"@type\":\"ReadAction\",\"target\":[\"https:\/\/mauritius-chamber-of-agriculture.org\/smart-agriculture\/2020\/11\/28\/smart-agriculture-etait-presente-a-la-3eme-edition-du-festival-la-isla-2068\/\"]}]},{\"@type\":\"ImageObject\",\"inLanguage\":\"en-US\",\"@id\":\"https:\/\/mauritius-chamber-of-agriculture.org\/smart-agriculture\/2020\/11\/28\/smart-agriculture-etait-presente-a-la-3eme-edition-du-festival-la-isla-2068\/#primaryimage\",\"url\":\"https:\/\/mauritius-chamber-of-agriculture.org\/wp-content\/uploads\/2020\/11\/laislasocialclub-festival-laisla2068-AD-ile-maurice-158-1024x684.jpg\",\"contentUrl\":\"https:\/\/mauritius-chamber-of-agriculture.org\/wp-content\/uploads\/2020\/11\/laislasocialclub-festival-laisla2068-AD-ile-maurice-158-1024x684.jpg\"},{\"@type\":\"BreadcrumbList\",\"@id\":\"https:\/\/mauritius-chamber-of-agriculture.org\/smart-agriculture\/2020\/11\/28\/smart-agriculture-etait-presente-a-la-3eme-edition-du-festival-la-isla-2068\/#breadcrumb\",\"itemListElement\":[{\"@type\":\"ListItem\",\"position\":1,\"name\":\"Home\",\"item\":\"https:\/\/mauritius-chamber-of-agriculture.org\/smart-agriculture\/\"},{\"@type\":\"ListItem\",\"position\":2,\"name\":\"Smart Agriculture \u00e9tait pr\u00e9sente \u00e0 la 3eme \u00e9dition du festival La Isla 2068\"}]},{\"@type\":\"WebSite\",\"@id\":\"https:\/\/mauritius-chamber-of-agriculture.org\/smart-agriculture\/#website\",\"url\":\"https:\/\/mauritius-chamber-of-agriculture.org\/smart-agriculture\/\",\"name\":\"Smart Agriculture Mauritius\",\"description\":\"\",\"publisher\":{\"@id\":\"https:\/\/mauritius-chamber-of-agriculture.org\/smart-agriculture\/#organization\"},\"potentialAction\":[{\"@type\":\"SearchAction\",\"target\":{\"@type\":\"EntryPoint\",\"urlTemplate\":\"https:\/\/mauritius-chamber-of-agriculture.org\/smart-agriculture\/?s={search_term_string}\"},\"query-input\":{\"@type\":\"PropertyValueSpecification\",\"valueRequired\":true,\"valueName\":\"search_term_string\"}}],\"inLanguage\":\"en-US\"},{\"@type\":\"Organization\",\"@id\":\"https:\/\/mauritius-chamber-of-agriculture.org\/smart-agriculture\/#organization\",\"name\":\"Smart Agriculture Mauritius\",\"url\":\"https:\/\/mauritius-chamber-of-agriculture.org\/smart-agriculture\/\",\"logo\":{\"@type\":\"ImageObject\",\"inLanguage\":\"en-US\",\"@id\":\"https:\/\/mauritius-chamber-of-agriculture.org\/smart-agriculture\/#\/schema\/logo\/image\/\",\"url\":\"https:\/\/mauritius-chamber-of-agriculture.org\/smart-agriculture\/wp-content\/uploads\/sites\/2\/2024\/12\/logo-smart-agriculture-rvb.png\",\"contentUrl\":\"https:\/\/mauritius-chamber-of-agriculture.org\/smart-agriculture\/wp-content\/uploads\/sites\/2\/2024\/12\/logo-smart-agriculture-rvb.png\",\"width\":300,\"height\":141,\"caption\":\"Smart Agriculture Mauritius\"},\"image\":{\"@id\":\"https:\/\/mauritius-chamber-of-agriculture.org\/smart-agriculture\/#\/schema\/logo\/image\/\"}},{\"@type\":\"Person\",\"@id\":\"https:\/\/mauritius-chamber-of-agriculture.org\/smart-agriculture\/#\/schema\/person\/b5d01b071033f5958c517ac895aee956\",\"name\":\"sebastien\",\"image\":{\"@type\":\"ImageObject\",\"inLanguage\":\"en-US\",\"@id\":\"https:\/\/mauritius-chamber-of-agriculture.org\/smart-agriculture\/#\/schema\/person\/image\/\",\"url\":\"https:\/\/secure.gravatar.com\/avatar\/1db3e3d347c7833045868350996b591c?s=96&d=mm&r=g\",\"contentUrl\":\"https:\/\/secure.gravatar.com\/avatar\/1db3e3d347c7833045868350996b591c?s=96&d=mm&r=g\",\"caption\":\"sebastien\"},\"sameAs\":[\"https:\/\/mauritius-chamber-of-agriculture.org\"],\"url\":\"https:\/\/mauritius-chamber-of-agriculture.org\/smart-agriculture\/author\/sebastien\/\"}]}<\/script>\n<!-- \/ Yoast SEO plugin. -->","yoast_head_json":{"title":"Smart Agriculture \u00e9tait pr\u00e9sente \u00e0 la 3eme \u00e9dition du festival La Isla 2068 - Smart Agriculture Mauritius","robots":{"index":"index","follow":"follow","max-snippet":"max-snippet:-1","max-image-preview":"max-image-preview:large","max-video-preview":"max-video-preview:-1"},"canonical":"https:\/\/mauritius-chamber-of-agriculture.org\/smart-agriculture\/2020\/11\/28\/smart-agriculture-etait-presente-a-la-3eme-edition-du-festival-la-isla-2068\/","og_locale":"en_US","og_type":"article","og_title":"Smart Agriculture \u00e9tait pr\u00e9sente \u00e0 la 3eme \u00e9dition du festival La Isla 2068 - Smart Agriculture Mauritius","og_description":"L&#8217;\u00e9quipe du Projet Smart Agriculture \u00e9tait pr\u00e9sente \u00e0 la 3eme \u00e9dition du festival La Isla 2068 qui s&#8217;est tenue le samedi 28 novembre au ch\u00e2teau de Labourdonnais. Un stand haut en couleur, sur le stand du domaine lui-m\u00eame, mettait en avant les techniques palliatives et autres informations de l&#8217;agro\u00e9cologie sur toiles de fond, banni\u00e8res ou [&hellip;]","og_url":"https:\/\/mauritius-chamber-of-agriculture.org\/smart-agriculture\/2020\/11\/28\/smart-agriculture-etait-presente-a-la-3eme-edition-du-festival-la-isla-2068\/","og_site_name":"Smart Agriculture Mauritius","article_published_time":"2020-11-28T08:38:01+00:00","author":"sebastien","twitter_card":"summary_large_image","twitter_misc":{"Written by":"sebastien","Est. reading time":"1 minute"},"schema":{"@context":"https:\/\/schema.org","@graph":[{"@type":"Article","@id":"https:\/\/mauritius-chamber-of-agriculture.org\/smart-agriculture\/2020\/11\/28\/smart-agriculture-etait-presente-a-la-3eme-edition-du-festival-la-isla-2068\/#article","isPartOf":{"@id":"https:\/\/mauritius-chamber-of-agriculture.org\/smart-agriculture\/2020\/11\/28\/smart-agriculture-etait-presente-a-la-3eme-edition-du-festival-la-isla-2068\/"},"author":{"name":"sebastien","@id":"https:\/\/mauritius-chamber-of-agriculture.org\/smart-agriculture\/#\/schema\/person\/b5d01b071033f5958c517ac895aee956"},"headline":"Smart Agriculture \u00e9tait pr\u00e9sente \u00e0 la 3eme \u00e9dition du festival La Isla 2068","datePublished":"2020-11-28T08:38:01+00:00","mainEntityOfPage":{"@id":"https:\/\/mauritius-chamber-of-agriculture.org\/smart-agriculture\/2020\/11\/28\/smart-agriculture-etait-presente-a-la-3eme-edition-du-festival-la-isla-2068\/"},"wordCount":137,"publisher":{"@id":"https:\/\/mauritius-chamber-of-agriculture.org\/smart-agriculture\/#organization"},"image":{"@id":"https:\/\/mauritius-chamber-of-agriculture.org\/smart-agriculture\/2020\/11\/28\/smart-agriculture-etait-presente-a-la-3eme-edition-du-festival-la-isla-2068\/#primaryimage"},"thumbnailUrl":"https:\/\/mauritius-chamber-of-agriculture.org\/wp-content\/uploads\/2020\/11\/laislasocialclub-festival-laisla2068-AD-ile-maurice-158-1024x684.jpg","articleSection":["Smart Agriculture&gt;News|News"],"inLanguage":"en-US"},{"@type":"WebPage","@id":"https:\/\/mauritius-chamber-of-agriculture.org\/smart-agriculture\/2020\/11\/28\/smart-agriculture-etait-presente-a-la-3eme-edition-du-festival-la-isla-2068\/","url":"https:\/\/mauritius-chamber-of-agriculture.org\/smart-agriculture\/2020\/11\/28\/smart-agriculture-etait-presente-a-la-3eme-edition-du-festival-la-isla-2068\/","name":"Smart Agriculture \u00e9tait pr\u00e9sente \u00e0 la 3eme \u00e9dition du festival La Isla 2068 - Smart Agriculture Mauritius","isPartOf":{"@id":"https:\/\/mauritius-chamber-of-agriculture.org\/smart-agriculture\/#website"},"primaryImageOfPage":{"@id":"https:\/\/mauritius-chamber-of-agriculture.org\/smart-agriculture\/2020\/11\/28\/smart-agriculture-etait-presente-a-la-3eme-edition-du-festival-la-isla-2068\/#primaryimage"},"image":{"@id":"https:\/\/mauritius-chamber-of-agriculture.org\/smart-agriculture\/2020\/11\/28\/smart-agriculture-etait-presente-a-la-3eme-edition-du-festival-la-isla-2068\/#primaryimage"},"thumbnailUrl":"https:\/\/mauritius-chamber-of-agriculture.org\/wp-content\/uploads\/2020\/11\/laislasocialclub-festival-laisla2068-AD-ile-maurice-158-1024x684.jpg","datePublished":"2020-11-28T08:38:01+00:00","breadcrumb":{"@id":"https:\/\/mauritius-chamber-of-agriculture.org\/smart-agriculture\/2020\/11\/28\/smart-agriculture-etait-presente-a-la-3eme-edition-du-festival-la-isla-2068\/#breadcrumb"},"inLanguage":"en-US","potentialAction":[{"@type":"ReadAction","target":["https:\/\/mauritius-chamber-of-agriculture.org\/smart-agriculture\/2020\/11\/28\/smart-agriculture-etait-presente-a-la-3eme-edition-du-festival-la-isla-2068\/"]}]},{"@type":"ImageObject","inLanguage":"en-US","@id":"https:\/\/mauritius-chamber-of-agriculture.org\/smart-agriculture\/2020\/11\/28\/smart-agriculture-etait-presente-a-la-3eme-edition-du-festival-la-isla-2068\/#primaryimage","url":"https:\/\/mauritius-chamber-of-agriculture.org\/wp-content\/uploads\/2020\/11\/laislasocialclub-festival-laisla2068-AD-ile-maurice-158-1024x684.jpg","contentUrl":"https:\/\/mauritius-chamber-of-agriculture.org\/wp-content\/uploads\/2020\/11\/laislasocialclub-festival-laisla2068-AD-ile-maurice-158-1024x684.jpg"},{"@type":"BreadcrumbList","@id":"https:\/\/mauritius-chamber-of-agriculture.org\/smart-agriculture\/2020\/11\/28\/smart-agriculture-etait-presente-a-la-3eme-edition-du-festival-la-isla-2068\/#breadcrumb","itemListElement":[{"@type":"ListItem","position":1,"name":"Home","item":"https:\/\/mauritius-chamber-of-agriculture.org\/smart-agriculture\/"},{"@type":"ListItem","position":2,"name":"Smart Agriculture \u00e9tait pr\u00e9sente \u00e0 la 3eme \u00e9dition du festival La Isla 2068"}]},{"@type":"WebSite","@id":"https:\/\/mauritius-chamber-of-agriculture.org\/smart-agriculture\/#website","url":"https:\/\/mauritius-chamber-of-agriculture.org\/smart-agriculture\/","name":"Smart Agriculture Mauritius","description":"","publisher":{"@id":"https:\/\/mauritius-chamber-of-agriculture.org\/smart-agriculture\/#organization"},"potentialAction":[{"@type":"SearchAction","target":{"@type":"EntryPoint","urlTemplate":"https:\/\/mauritius-chamber-of-agriculture.org\/smart-agriculture\/?s={search_term_string}"},"query-input":{"@type":"PropertyValueSpecification","valueRequired":true,"valueName":"search_term_string"}}],"inLanguage":"en-US"},{"@type":"Organization","@id":"https:\/\/mauritius-chamber-of-agriculture.org\/smart-agriculture\/#organization","name":"Smart Agriculture Mauritius","url":"https:\/\/mauritius-chamber-of-agriculture.org\/smart-agriculture\/","logo":{"@type":"ImageObject","inLanguage":"en-US","@id":"https:\/\/mauritius-chamber-of-agriculture.org\/smart-agriculture\/#\/schema\/logo\/image\/","url":"https:\/\/mauritius-chamber-of-agriculture.org\/smart-agriculture\/wp-content\/uploads\/sites\/2\/2024\/12\/logo-smart-agriculture-rvb.png","contentUrl":"https:\/\/mauritius-chamber-of-agriculture.org\/smart-agriculture\/wp-content\/uploads\/sites\/2\/2024\/12\/logo-smart-agriculture-rvb.png","width":300,"height":141,"caption":"Smart Agriculture Mauritius"},"image":{"@id":"https:\/\/mauritius-chamber-of-agriculture.org\/smart-agriculture\/#\/schema\/logo\/image\/"}},{"@type":"Person","@id":"https:\/\/mauritius-chamber-of-agriculture.org\/smart-agriculture\/#\/schema\/person\/b5d01b071033f5958c517ac895aee956","name":"sebastien","image":{"@type":"ImageObject","inLanguage":"en-US","@id":"https:\/\/mauritius-chamber-of-agriculture.org\/smart-agriculture\/#\/schema\/person\/image\/","url":"https:\/\/secure.gravatar.com\/avatar\/1db3e3d347c7833045868350996b591c?s=96&d=mm&r=g","contentUrl":"https:\/\/secure.gravatar.com\/avatar\/1db3e3d347c7833045868350996b591c?s=96&d=mm&r=g","caption":"sebastien"},"sameAs":["https:\/\/mauritius-chamber-of-agriculture.org"],"url":"https:\/\/mauritius-chamber-of-agriculture.org\/smart-agriculture\/author\/sebastien\/"}]}},"_links":{"self":[{"href":"https:\/\/mauritius-chamber-of-agriculture.org\/smart-agriculture\/wp-json\/wp\/v2\/posts\/239","targetHints":{"allow":["GET"]}}],"collection":[{"href":"https:\/\/mauritius-chamber-of-agriculture.org\/smart-agriculture\/wp-json\/wp\/v2\/posts"}],"about":[{"href":"https:\/\/mauritius-chamber-of-agriculture.org\/smart-agriculture\/wp-json\/wp\/v2\/types\/post"}],"author":[{"embeddable":true,"href":"https:\/\/mauritius-chamber-of-agriculture.org\/smart-agriculture\/wp-json\/wp\/v2\/users\/1"}],"replies":[{"embeddable":true,"href":"https:\/\/mauritius-chamber-of-agriculture.org\/smart-agriculture\/wp-json\/wp\/v2\/comments?post=239"}],"version-history":[{"count":0,"href":"https:\/\/mauritius-chamber-of-agriculture.org\/smart-agriculture\/wp-json\/wp\/v2\/posts\/239\/revisions"}],"wp:attachment":[{"href":"https:\/\/mauritius-chamber-of-agriculture.org\/smart-agriculture\/wp-json\/wp\/v2\/media?parent=239"}],"wp:term":[{"taxonomy":"category","embeddable":true,"href":"https:\/\/mauritius-chamber-of-agriculture.org\/smart-agriculture\/wp-json\/wp\/v2\/categories?post=239"},{"taxonomy":"post_tag","embeddable":true,"href":"https:\/\/mauritius-chamber-of-agriculture.org\/smart-agriculture\/wp-json\/wp\/v2\/tags?post=239"}],"curies":[{"name":"wp","href":"https:\/\/api.w.org\/{rel}","templated":true}]}}