{"id":267,"date":"2022-06-02T11:55:53","date_gmt":"2022-06-02T11:55:53","guid":{"rendered":"https:\/\/mauritius-chamber-of-agriculture.org\/smart-agriculture\/2022\/06\/02\/journee-mondiale-du-lait\/"},"modified":"2022-06-02T11:55:53","modified_gmt":"2022-06-02T11:55:53","slug":"journee-mondiale-du-lait","status":"publish","type":"post","link":"https:\/\/mauritius-chamber-of-agriculture.org\/smart-agriculture\/2022\/06\/02\/journee-mondiale-du-lait\/","title":{"rendered":"Journ\u00e9e mondiale du lait"},"content":{"rendered":"<p style=\"text-align: center;\"><strong>Secteur laitier\u00a0: r\u00e9veillons ce potentiel endormi<\/strong><\/p>\n<p><img fetchpriority=\"high\" decoding=\"async\" class=\"alignnone size-medium wp-image-9026 aligncenter\" src=\"https:\/\/mauritius-chamber-of-agriculture.org\/wp-content\/uploads\/2022\/06\/elevage-2--300x300.png\" alt=\"\" width=\"300\" height=\"300\" \/><\/p>\n<p>Le 1<sup>er<\/sup> juin, nous avons comm\u00e9mor\u00e9 la journ\u00e9e mondiale du lait. El\u00e9ment essentiel \u00e0 la croissance des plus jeunes et aliment aux multiples bienfaits, le lait est un secteur qui soutient des \u00e9conomies autour de la Plan\u00e8te.<\/p>\n<p>Maurice a produit 1,3 millions de litres de lait frais en 2021 (selon Statistics Mauritius) c\u2019est moins de 5% de la demande nationale. A Maurice, le secteur laitier ne p\u00e8se pas lourds en termes de production mais co\u00fbte beaucoup \u00e0 l\u2019\u00e9conomie en termes d\u2019importation.<\/p>\n<p>Il s\u2019agit, l\u00e0, d\u2019un march\u00e9 potentiel pour des \u00e9leveurs locaux. Toutefois, pour s\u2019attaquer \u00e0 ce march\u00e9, il faudrait\u00a0: augmenter le nombre de vaches en lactation tout en am\u00e9liorant l\u2019efficience de l\u2019ins\u00e9mination artificielle, proposer des sources d\u2019aliments nutritifs et abordables pour une production laiti\u00e8re de qualit\u00e9, garantir des march\u00e9s de commercialisation r\u00e9mun\u00e9rateur pour les producteurs laitiers et regrouper les \u00e9leveurs au sein de coop\u00e9ratives de transformation laiti\u00e8re.<\/p>\n<p>Pour cela, il faut une vision d\u2019ensemble et \u00e0 long terme de m\u00eame qu\u2019une planification et surtout des investissements. Il y a toujours et encore plus de places \u00e0 prendre dans le secteur agroalimentaire et le segment de l\u2019\u00e9levage laitier a besoin d\u2019un \u00ab\u00a0<em>boost<\/em>\u00a0\u00bb financier, politique et logistique pour grandir et fonctionner au maximum de sa capacit\u00e9.<\/p>\n<p style=\"text-align: center;\"><strong>Donnons sa chance \u00e0 l\u2019\u00e9levage\u00a0!<\/strong><\/p>\n","protected":false},"excerpt":{"rendered":"<p>Secteur laitier\u00a0: r\u00e9veillons ce potentiel endormi Le 1er juin, nous avons comm\u00e9mor\u00e9 la journ\u00e9e mondiale du lait. El\u00e9ment essentiel \u00e0 la croissance des plus jeunes et aliment aux multiples bienfaits, le lait est un secteur qui soutient des \u00e9conomies autour de la Plan\u00e8te. Maurice a produit 1,3 millions de litres de lait frais en 2021 [&hellip;]<\/p>\n","protected":false},"author":1,"featured_media":0,"comment_status":"closed","ping_status":"closed","sticky":false,"template":"","format":"standard","meta":{"footnotes":""},"categories":[5],"tags":[],"class_list":["post-267","post","type-post","status-publish","format-standard","hentry","category-news"],"yoast_head":"<!-- This site is optimized with the Yoast SEO plugin v26.0 - https:\/\/yoast.com\/wordpress\/plugins\/seo\/ -->\n<title>Journ\u00e9e mondiale du lait - Smart Agriculture Mauritius<\/title>\n<meta name=\"robots\" content=\"index, follow, max-snippet:-1, max-image-preview:large, max-video-preview:-1\" \/>\n<link rel=\"canonical\" href=\"https:\/\/mauritius-chamber-of-agriculture.org\/smart-agriculture\/2022\/06\/02\/journee-mondiale-du-lait\/\" \/>\n<meta property=\"og:locale\" content=\"en_US\" \/>\n<meta property=\"og:type\" content=\"article\" \/>\n<meta property=\"og:title\" content=\"Journ\u00e9e mondiale du lait - Smart Agriculture Mauritius\" \/>\n<meta property=\"og:description\" content=\"Secteur laitier\u00a0: r\u00e9veillons ce potentiel endormi Le 1er juin, nous avons comm\u00e9mor\u00e9 la journ\u00e9e mondiale du lait. El\u00e9ment essentiel \u00e0 la croissance des plus jeunes et aliment aux multiples bienfaits, le lait est un secteur qui soutient des \u00e9conomies autour de la Plan\u00e8te. Maurice a produit 1,3 millions de litres de lait frais en 2021 [&hellip;]\" \/>\n<meta property=\"og:url\" content=\"https:\/\/mauritius-chamber-of-agriculture.org\/smart-agriculture\/2022\/06\/02\/journee-mondiale-du-lait\/\" \/>\n<meta property=\"og:site_name\" content=\"Smart Agriculture Mauritius\" \/>\n<meta property=\"article:published_time\" content=\"2022-06-02T11:55:53+00:00\" \/>\n<meta name=\"author\" content=\"sebastien\" \/>\n<meta name=\"twitter:card\" content=\"summary_large_image\" \/>\n<meta name=\"twitter:label1\" content=\"Written by\" \/>\n\t<meta name=\"twitter:data1\" content=\"sebastien\" \/>\n\t<meta name=\"twitter:label2\" content=\"Est. reading time\" \/>\n\t<meta name=\"twitter:data2\" content=\"1 minute\" \/>\n<script type=\"application\/ld+json\" class=\"yoast-schema-graph\">{\"@context\":\"https:\/\/schema.org\",\"@graph\":[{\"@type\":\"Article\",\"@id\":\"https:\/\/mauritius-chamber-of-agriculture.org\/smart-agriculture\/2022\/06\/02\/journee-mondiale-du-lait\/#article\",\"isPartOf\":{\"@id\":\"https:\/\/mauritius-chamber-of-agriculture.org\/smart-agriculture\/2022\/06\/02\/journee-mondiale-du-lait\/\"},\"author\":{\"name\":\"sebastien\",\"@id\":\"https:\/\/mauritius-chamber-of-agriculture.org\/smart-agriculture\/#\/schema\/person\/b5d01b071033f5958c517ac895aee956\"},\"headline\":\"Journ\u00e9e mondiale du lait\",\"datePublished\":\"2022-06-02T11:55:53+00:00\",\"mainEntityOfPage\":{\"@id\":\"https:\/\/mauritius-chamber-of-agriculture.org\/smart-agriculture\/2022\/06\/02\/journee-mondiale-du-lait\/\"},\"wordCount\":241,\"publisher\":{\"@id\":\"https:\/\/mauritius-chamber-of-agriculture.org\/smart-agriculture\/#organization\"},\"image\":{\"@id\":\"https:\/\/mauritius-chamber-of-agriculture.org\/smart-agriculture\/2022\/06\/02\/journee-mondiale-du-lait\/#primaryimage\"},\"thumbnailUrl\":\"https:\/\/mauritius-chamber-of-agriculture.org\/wp-content\/uploads\/2022\/06\/elevage-2--300x300.png\",\"articleSection\":[\"News\"],\"inLanguage\":\"en-US\"},{\"@type\":\"WebPage\",\"@id\":\"https:\/\/mauritius-chamber-of-agriculture.org\/smart-agriculture\/2022\/06\/02\/journee-mondiale-du-lait\/\",\"url\":\"https:\/\/mauritius-chamber-of-agriculture.org\/smart-agriculture\/2022\/06\/02\/journee-mondiale-du-lait\/\",\"name\":\"Journ\u00e9e mondiale du lait - Smart Agriculture Mauritius\",\"isPartOf\":{\"@id\":\"https:\/\/mauritius-chamber-of-agriculture.org\/smart-agriculture\/#website\"},\"primaryImageOfPage\":{\"@id\":\"https:\/\/mauritius-chamber-of-agriculture.org\/smart-agriculture\/2022\/06\/02\/journee-mondiale-du-lait\/#primaryimage\"},\"image\":{\"@id\":\"https:\/\/mauritius-chamber-of-agriculture.org\/smart-agriculture\/2022\/06\/02\/journee-mondiale-du-lait\/#primaryimage\"},\"thumbnailUrl\":\"https:\/\/mauritius-chamber-of-agriculture.org\/wp-content\/uploads\/2022\/06\/elevage-2--300x300.png\",\"datePublished\":\"2022-06-02T11:55:53+00:00\",\"breadcrumb\":{\"@id\":\"https:\/\/mauritius-chamber-of-agriculture.org\/smart-agriculture\/2022\/06\/02\/journee-mondiale-du-lait\/#breadcrumb\"},\"inLanguage\":\"en-US\",\"potentialAction\":[{\"@type\":\"ReadAction\",\"target\":[\"https:\/\/mauritius-chamber-of-agriculture.org\/smart-agriculture\/2022\/06\/02\/journee-mondiale-du-lait\/\"]}]},{\"@type\":\"ImageObject\",\"inLanguage\":\"en-US\",\"@id\":\"https:\/\/mauritius-chamber-of-agriculture.org\/smart-agriculture\/2022\/06\/02\/journee-mondiale-du-lait\/#primaryimage\",\"url\":\"https:\/\/mauritius-chamber-of-agriculture.org\/wp-content\/uploads\/2022\/06\/elevage-2--300x300.png\",\"contentUrl\":\"https:\/\/mauritius-chamber-of-agriculture.org\/wp-content\/uploads\/2022\/06\/elevage-2--300x300.png\"},{\"@type\":\"BreadcrumbList\",\"@id\":\"https:\/\/mauritius-chamber-of-agriculture.org\/smart-agriculture\/2022\/06\/02\/journee-mondiale-du-lait\/#breadcrumb\",\"itemListElement\":[{\"@type\":\"ListItem\",\"position\":1,\"name\":\"Home\",\"item\":\"https:\/\/mauritius-chamber-of-agriculture.org\/smart-agriculture\/\"},{\"@type\":\"ListItem\",\"position\":2,\"name\":\"Journ\u00e9e mondiale du lait\"}]},{\"@type\":\"WebSite\",\"@id\":\"https:\/\/mauritius-chamber-of-agriculture.org\/smart-agriculture\/#website\",\"url\":\"https:\/\/mauritius-chamber-of-agriculture.org\/smart-agriculture\/\",\"name\":\"Smart Agriculture Mauritius\",\"description\":\"\",\"publisher\":{\"@id\":\"https:\/\/mauritius-chamber-of-agriculture.org\/smart-agriculture\/#organization\"},\"potentialAction\":[{\"@type\":\"SearchAction\",\"target\":{\"@type\":\"EntryPoint\",\"urlTemplate\":\"https:\/\/mauritius-chamber-of-agriculture.org\/smart-agriculture\/?s={search_term_string}\"},\"query-input\":{\"@type\":\"PropertyValueSpecification\",\"valueRequired\":true,\"valueName\":\"search_term_string\"}}],\"inLanguage\":\"en-US\"},{\"@type\":\"Organization\",\"@id\":\"https:\/\/mauritius-chamber-of-agriculture.org\/smart-agriculture\/#organization\",\"name\":\"Smart Agriculture Mauritius\",\"url\":\"https:\/\/mauritius-chamber-of-agriculture.org\/smart-agriculture\/\",\"logo\":{\"@type\":\"ImageObject\",\"inLanguage\":\"en-US\",\"@id\":\"https:\/\/mauritius-chamber-of-agriculture.org\/smart-agriculture\/#\/schema\/logo\/image\/\",\"url\":\"https:\/\/mauritius-chamber-of-agriculture.org\/smart-agriculture\/wp-content\/uploads\/sites\/2\/2024\/12\/logo-smart-agriculture-rvb.png\",\"contentUrl\":\"https:\/\/mauritius-chamber-of-agriculture.org\/smart-agriculture\/wp-content\/uploads\/sites\/2\/2024\/12\/logo-smart-agriculture-rvb.png\",\"width\":300,\"height\":141,\"caption\":\"Smart Agriculture Mauritius\"},\"image\":{\"@id\":\"https:\/\/mauritius-chamber-of-agriculture.org\/smart-agriculture\/#\/schema\/logo\/image\/\"}},{\"@type\":\"Person\",\"@id\":\"https:\/\/mauritius-chamber-of-agriculture.org\/smart-agriculture\/#\/schema\/person\/b5d01b071033f5958c517ac895aee956\",\"name\":\"sebastien\",\"image\":{\"@type\":\"ImageObject\",\"inLanguage\":\"en-US\",\"@id\":\"https:\/\/mauritius-chamber-of-agriculture.org\/smart-agriculture\/#\/schema\/person\/image\/\",\"url\":\"https:\/\/secure.gravatar.com\/avatar\/1db3e3d347c7833045868350996b591c?s=96&d=mm&r=g\",\"contentUrl\":\"https:\/\/secure.gravatar.com\/avatar\/1db3e3d347c7833045868350996b591c?s=96&d=mm&r=g\",\"caption\":\"sebastien\"},\"sameAs\":[\"https:\/\/mauritius-chamber-of-agriculture.org\"],\"url\":\"https:\/\/mauritius-chamber-of-agriculture.org\/smart-agriculture\/author\/sebastien\/\"}]}<\/script>\n<!-- \/ Yoast SEO plugin. -->","yoast_head_json":{"title":"Journ\u00e9e mondiale du lait - Smart Agriculture Mauritius","robots":{"index":"index","follow":"follow","max-snippet":"max-snippet:-1","max-image-preview":"max-image-preview:large","max-video-preview":"max-video-preview:-1"},"canonical":"https:\/\/mauritius-chamber-of-agriculture.org\/smart-agriculture\/2022\/06\/02\/journee-mondiale-du-lait\/","og_locale":"en_US","og_type":"article","og_title":"Journ\u00e9e mondiale du lait - Smart Agriculture Mauritius","og_description":"Secteur laitier\u00a0: r\u00e9veillons ce potentiel endormi Le 1er juin, nous avons comm\u00e9mor\u00e9 la journ\u00e9e mondiale du lait. El\u00e9ment essentiel \u00e0 la croissance des plus jeunes et aliment aux multiples bienfaits, le lait est un secteur qui soutient des \u00e9conomies autour de la Plan\u00e8te. Maurice a produit 1,3 millions de litres de lait frais en 2021 [&hellip;]","og_url":"https:\/\/mauritius-chamber-of-agriculture.org\/smart-agriculture\/2022\/06\/02\/journee-mondiale-du-lait\/","og_site_name":"Smart Agriculture Mauritius","article_published_time":"2022-06-02T11:55:53+00:00","author":"sebastien","twitter_card":"summary_large_image","twitter_misc":{"Written by":"sebastien","Est. reading time":"1 minute"},"schema":{"@context":"https:\/\/schema.org","@graph":[{"@type":"Article","@id":"https:\/\/mauritius-chamber-of-agriculture.org\/smart-agriculture\/2022\/06\/02\/journee-mondiale-du-lait\/#article","isPartOf":{"@id":"https:\/\/mauritius-chamber-of-agriculture.org\/smart-agriculture\/2022\/06\/02\/journee-mondiale-du-lait\/"},"author":{"name":"sebastien","@id":"https:\/\/mauritius-chamber-of-agriculture.org\/smart-agriculture\/#\/schema\/person\/b5d01b071033f5958c517ac895aee956"},"headline":"Journ\u00e9e mondiale du lait","datePublished":"2022-06-02T11:55:53+00:00","mainEntityOfPage":{"@id":"https:\/\/mauritius-chamber-of-agriculture.org\/smart-agriculture\/2022\/06\/02\/journee-mondiale-du-lait\/"},"wordCount":241,"publisher":{"@id":"https:\/\/mauritius-chamber-of-agriculture.org\/smart-agriculture\/#organization"},"image":{"@id":"https:\/\/mauritius-chamber-of-agriculture.org\/smart-agriculture\/2022\/06\/02\/journee-mondiale-du-lait\/#primaryimage"},"thumbnailUrl":"https:\/\/mauritius-chamber-of-agriculture.org\/wp-content\/uploads\/2022\/06\/elevage-2--300x300.png","articleSection":["News"],"inLanguage":"en-US"},{"@type":"WebPage","@id":"https:\/\/mauritius-chamber-of-agriculture.org\/smart-agriculture\/2022\/06\/02\/journee-mondiale-du-lait\/","url":"https:\/\/mauritius-chamber-of-agriculture.org\/smart-agriculture\/2022\/06\/02\/journee-mondiale-du-lait\/","name":"Journ\u00e9e mondiale du lait - Smart Agriculture Mauritius","isPartOf":{"@id":"https:\/\/mauritius-chamber-of-agriculture.org\/smart-agriculture\/#website"},"primaryImageOfPage":{"@id":"https:\/\/mauritius-chamber-of-agriculture.org\/smart-agriculture\/2022\/06\/02\/journee-mondiale-du-lait\/#primaryimage"},"image":{"@id":"https:\/\/mauritius-chamber-of-agriculture.org\/smart-agriculture\/2022\/06\/02\/journee-mondiale-du-lait\/#primaryimage"},"thumbnailUrl":"https:\/\/mauritius-chamber-of-agriculture.org\/wp-content\/uploads\/2022\/06\/elevage-2--300x300.png","datePublished":"2022-06-02T11:55:53+00:00","breadcrumb":{"@id":"https:\/\/mauritius-chamber-of-agriculture.org\/smart-agriculture\/2022\/06\/02\/journee-mondiale-du-lait\/#breadcrumb"},"inLanguage":"en-US","potentialAction":[{"@type":"ReadAction","target":["https:\/\/mauritius-chamber-of-agriculture.org\/smart-agriculture\/2022\/06\/02\/journee-mondiale-du-lait\/"]}]},{"@type":"ImageObject","inLanguage":"en-US","@id":"https:\/\/mauritius-chamber-of-agriculture.org\/smart-agriculture\/2022\/06\/02\/journee-mondiale-du-lait\/#primaryimage","url":"https:\/\/mauritius-chamber-of-agriculture.org\/wp-content\/uploads\/2022\/06\/elevage-2--300x300.png","contentUrl":"https:\/\/mauritius-chamber-of-agriculture.org\/wp-content\/uploads\/2022\/06\/elevage-2--300x300.png"},{"@type":"BreadcrumbList","@id":"https:\/\/mauritius-chamber-of-agriculture.org\/smart-agriculture\/2022\/06\/02\/journee-mondiale-du-lait\/#breadcrumb","itemListElement":[{"@type":"ListItem","position":1,"name":"Home","item":"https:\/\/mauritius-chamber-of-agriculture.org\/smart-agriculture\/"},{"@type":"ListItem","position":2,"name":"Journ\u00e9e mondiale du lait"}]},{"@type":"WebSite","@id":"https:\/\/mauritius-chamber-of-agriculture.org\/smart-agriculture\/#website","url":"https:\/\/mauritius-chamber-of-agriculture.org\/smart-agriculture\/","name":"Smart Agriculture Mauritius","description":"","publisher":{"@id":"https:\/\/mauritius-chamber-of-agriculture.org\/smart-agriculture\/#organization"},"potentialAction":[{"@type":"SearchAction","target":{"@type":"EntryPoint","urlTemplate":"https:\/\/mauritius-chamber-of-agriculture.org\/smart-agriculture\/?s={search_term_string}"},"query-input":{"@type":"PropertyValueSpecification","valueRequired":true,"valueName":"search_term_string"}}],"inLanguage":"en-US"},{"@type":"Organization","@id":"https:\/\/mauritius-chamber-of-agriculture.org\/smart-agriculture\/#organization","name":"Smart Agriculture Mauritius","url":"https:\/\/mauritius-chamber-of-agriculture.org\/smart-agriculture\/","logo":{"@type":"ImageObject","inLanguage":"en-US","@id":"https:\/\/mauritius-chamber-of-agriculture.org\/smart-agriculture\/#\/schema\/logo\/image\/","url":"https:\/\/mauritius-chamber-of-agriculture.org\/smart-agriculture\/wp-content\/uploads\/sites\/2\/2024\/12\/logo-smart-agriculture-rvb.png","contentUrl":"https:\/\/mauritius-chamber-of-agriculture.org\/smart-agriculture\/wp-content\/uploads\/sites\/2\/2024\/12\/logo-smart-agriculture-rvb.png","width":300,"height":141,"caption":"Smart Agriculture Mauritius"},"image":{"@id":"https:\/\/mauritius-chamber-of-agriculture.org\/smart-agriculture\/#\/schema\/logo\/image\/"}},{"@type":"Person","@id":"https:\/\/mauritius-chamber-of-agriculture.org\/smart-agriculture\/#\/schema\/person\/b5d01b071033f5958c517ac895aee956","name":"sebastien","image":{"@type":"ImageObject","inLanguage":"en-US","@id":"https:\/\/mauritius-chamber-of-agriculture.org\/smart-agriculture\/#\/schema\/person\/image\/","url":"https:\/\/secure.gravatar.com\/avatar\/1db3e3d347c7833045868350996b591c?s=96&d=mm&r=g","contentUrl":"https:\/\/secure.gravatar.com\/avatar\/1db3e3d347c7833045868350996b591c?s=96&d=mm&r=g","caption":"sebastien"},"sameAs":["https:\/\/mauritius-chamber-of-agriculture.org"],"url":"https:\/\/mauritius-chamber-of-agriculture.org\/smart-agriculture\/author\/sebastien\/"}]}},"_links":{"self":[{"href":"https:\/\/mauritius-chamber-of-agriculture.org\/smart-agriculture\/wp-json\/wp\/v2\/posts\/267","targetHints":{"allow":["GET"]}}],"collection":[{"href":"https:\/\/mauritius-chamber-of-agriculture.org\/smart-agriculture\/wp-json\/wp\/v2\/posts"}],"about":[{"href":"https:\/\/mauritius-chamber-of-agriculture.org\/smart-agriculture\/wp-json\/wp\/v2\/types\/post"}],"author":[{"embeddable":true,"href":"https:\/\/mauritius-chamber-of-agriculture.org\/smart-agriculture\/wp-json\/wp\/v2\/users\/1"}],"replies":[{"embeddable":true,"href":"https:\/\/mauritius-chamber-of-agriculture.org\/smart-agriculture\/wp-json\/wp\/v2\/comments?post=267"}],"version-history":[{"count":0,"href":"https:\/\/mauritius-chamber-of-agriculture.org\/smart-agriculture\/wp-json\/wp\/v2\/posts\/267\/revisions"}],"wp:attachment":[{"href":"https:\/\/mauritius-chamber-of-agriculture.org\/smart-agriculture\/wp-json\/wp\/v2\/media?parent=267"}],"wp:term":[{"taxonomy":"category","embeddable":true,"href":"https:\/\/mauritius-chamber-of-agriculture.org\/smart-agriculture\/wp-json\/wp\/v2\/categories?post=267"},{"taxonomy":"post_tag","embeddable":true,"href":"https:\/\/mauritius-chamber-of-agriculture.org\/smart-agriculture\/wp-json\/wp\/v2\/tags?post=267"}],"curies":[{"name":"wp","href":"https:\/\/api.w.org\/{rel}","templated":true}]}}