{"id":281,"date":"2023-02-22T11:59:48","date_gmt":"2023-02-22T11:59:48","guid":{"rendered":"https:\/\/mauritius-chamber-of-agriculture.org\/smart-agriculture\/2023\/02\/22\/smart-agriculture-du-renfort-pour-la-suite\/"},"modified":"2023-02-22T11:59:48","modified_gmt":"2023-02-22T11:59:48","slug":"smart-agriculture-du-renfort-pour-la-suite","status":"publish","type":"post","link":"https:\/\/mauritius-chamber-of-agriculture.org\/smart-agriculture\/2023\/02\/22\/smart-agriculture-du-renfort-pour-la-suite\/","title":{"rendered":"Smart Agriculture : du renfort pour la suite"},"content":{"rendered":"<p>L\u2019\u00e9quipe Smart Agriculture de la Chambre d\u2019Agriculture de l\u2019Ile Maurice s\u2019est renforc\u00e9e. Depuis le mois de janvier deux coordonnateurs se sont joints \u00e0 l\u2019\u00e9quipe. Alexandre Herv\u00e9, occupe le poste de Coordonnateur de Projet Smart Agriculture alors qu\u2019Anna Hoareau est la Coordonnatrice du projet de lab\u00e9lisation, qui est la suite logique du projet Smart Agriculture. Nous leur souhaitons la bienvenue.<\/p>\n<p style=\"text-align: center;\"><strong>Alexandre HERV\u00c9, <\/strong><\/p>\n<p style=\"text-align: center;\">\u00ab <strong><em>L\u2019adoption de pratiques agricoles adapt\u00e9es et durables <\/em><\/strong>\u00bb<\/p>\n<p style=\"text-align: center;\">\u00a0<img fetchpriority=\"high\" decoding=\"async\" class=\"alignnone size-medium wp-image-9642\" src=\"https:\/\/mauritius-chamber-of-agriculture.org\/wp-content\/uploads\/2023\/02\/20230214_135130-300x292.jpg\" alt=\"\" width=\"300\" height=\"292\" \/><\/p>\n<p>Alexandre Herv\u00e9 est de nationalit\u00e9 fran\u00e7aise. Il est expert en biodiversit\u00e9 terrestre et traitement de donn\u00e9es \u00e9cologiques. Il d\u00e9tient une maitrise en Ecologie Terrestre de l\u2019Universit\u00e9 de la R\u00e9union. Par le pass\u00e9, Alexandre Herv\u00e9 a d\u00e9j\u00e0 particip\u00e9 \u00e0 des projets de gestion de p\u00e9pini\u00e8re et essais de culture hors sol de m\u00eame que des \u00e9valuations de risques d&#8217;invasions biologiques v\u00e9g\u00e9tales. Sur le projet Smart Agriculture, il est \u00e9paul\u00e9 par deux assistantes-projet.<\/p>\n<p style=\"text-align: center;\"><strong>Anna HOAREAU,<\/strong><\/p>\n<p style=\"text-align: center;\">\u00ab\u00a0<strong><em>Je suis persuad\u00e9e qu&#8217;on est tous des gens &#8220;smart&#8221;, alors il est temps de consommer des l\u00e9gumes aussi &#8220;smart&#8221; que nous !<\/em><\/strong>\u00a0\u00bb<\/p>\n<p style=\"text-align: center;\"><img decoding=\"async\" class=\"alignnone size-medium wp-image-9641\" src=\"https:\/\/mauritius-chamber-of-agriculture.org\/wp-content\/uploads\/2023\/02\/20230214_135008-cpy-300x251.jpg\" alt=\"\" width=\"300\" height=\"251\" \/><\/p>\n<p>Apr\u00e8s un BAC litt\u00e9raire et deux ans de classes pr\u00e9paratoires de Lettres modernes \u00e0 La R\u00e9union, elle a d\u00e9cid\u00e9 de faire de la protection de l&#8217;environnement son m\u00e9tier. C&#8217;est pour cette raison qu\u2019Anna Hoareau s\u2019est envol\u00e9e pour Paris afin de d\u00e9crocher un master en management, sp\u00e9cialit\u00e9 D\u00e9veloppement durable en entreprise.<\/p>\n<p>Avant d&#8217;arriver \u00e0 la Chambre d&#8217;Agriculture de l\u2019Ile Maurice, elle a eu l&#8217;opportunit\u00e9 de d\u00e9couvrir l&#8217;oc\u00e9an Indien en travaillant \u00e0 la Commission du tourisme et de l&#8217;environnement de Rodrigues, puis \u00e0 Constance Ephelia, un h\u00f4tel \u00e9co-responsable situ\u00e9 aux Seychelles. Apr\u00e8s \u00e7a, elle est rest\u00e9e cinq ans \u00e0 la Commission de l&#8217;oc\u00e9an Indien bas\u00e9e \u00e0 Maurice, o\u00f9 elle avait pour mission d&#8217;accompagner la COI dans son accr\u00e9ditation au Fonds vert pour le climat (GCF).<\/p>\n<p>Depuis janvier 2023, Anna Hoareau est employ\u00e9e \u00e0 la Chambre d&#8217;agriculture de Maurice en tant que coordonnatrice du nouveau projet &#8220;Labellisation&#8221;.<\/p>\n","protected":false},"excerpt":{"rendered":"<p>L\u2019\u00e9quipe Smart Agriculture de la Chambre d\u2019Agriculture de l\u2019Ile Maurice s\u2019est renforc\u00e9e. Depuis le mois de janvier deux coordonnateurs se sont joints \u00e0 l\u2019\u00e9quipe. Alexandre Herv\u00e9, occupe le poste de Coordonnateur de Projet Smart Agriculture alors qu\u2019Anna Hoareau est la Coordonnatrice du projet de lab\u00e9lisation, qui est la suite logique du projet Smart Agriculture. Nous [&hellip;]<\/p>\n","protected":false},"author":1,"featured_media":0,"comment_status":"closed","ping_status":"closed","sticky":false,"template":"","format":"standard","meta":{"footnotes":""},"categories":[4],"tags":[],"class_list":["post-281","post","type-post","status-publish","format-standard","hentry","category-smart-agriculturenews"],"yoast_head":"<!-- This site is optimized with the Yoast SEO plugin v26.0 - https:\/\/yoast.com\/wordpress\/plugins\/seo\/ -->\n<title>Smart Agriculture : du renfort pour la suite - Smart Agriculture Mauritius<\/title>\n<meta name=\"robots\" content=\"index, follow, max-snippet:-1, max-image-preview:large, max-video-preview:-1\" \/>\n<link rel=\"canonical\" href=\"https:\/\/mauritius-chamber-of-agriculture.org\/smart-agriculture\/2023\/02\/22\/smart-agriculture-du-renfort-pour-la-suite\/\" \/>\n<meta property=\"og:locale\" content=\"en_US\" \/>\n<meta property=\"og:type\" content=\"article\" \/>\n<meta property=\"og:title\" content=\"Smart Agriculture : du renfort pour la suite - Smart Agriculture Mauritius\" \/>\n<meta property=\"og:description\" content=\"L\u2019\u00e9quipe Smart Agriculture de la Chambre d\u2019Agriculture de l\u2019Ile Maurice s\u2019est renforc\u00e9e. Depuis le mois de janvier deux coordonnateurs se sont joints \u00e0 l\u2019\u00e9quipe. Alexandre Herv\u00e9, occupe le poste de Coordonnateur de Projet Smart Agriculture alors qu\u2019Anna Hoareau est la Coordonnatrice du projet de lab\u00e9lisation, qui est la suite logique du projet Smart Agriculture. Nous [&hellip;]\" \/>\n<meta property=\"og:url\" content=\"https:\/\/mauritius-chamber-of-agriculture.org\/smart-agriculture\/2023\/02\/22\/smart-agriculture-du-renfort-pour-la-suite\/\" \/>\n<meta property=\"og:site_name\" content=\"Smart Agriculture Mauritius\" \/>\n<meta property=\"article:published_time\" content=\"2023-02-22T11:59:48+00:00\" \/>\n<meta name=\"author\" content=\"sebastien\" \/>\n<meta name=\"twitter:card\" content=\"summary_large_image\" \/>\n<meta name=\"twitter:label1\" content=\"Written by\" \/>\n\t<meta name=\"twitter:data1\" content=\"sebastien\" \/>\n\t<meta name=\"twitter:label2\" content=\"Est. reading time\" \/>\n\t<meta name=\"twitter:data2\" content=\"2 minutes\" \/>\n<script type=\"application\/ld+json\" class=\"yoast-schema-graph\">{\"@context\":\"https:\/\/schema.org\",\"@graph\":[{\"@type\":\"Article\",\"@id\":\"https:\/\/mauritius-chamber-of-agriculture.org\/smart-agriculture\/2023\/02\/22\/smart-agriculture-du-renfort-pour-la-suite\/#article\",\"isPartOf\":{\"@id\":\"https:\/\/mauritius-chamber-of-agriculture.org\/smart-agriculture\/2023\/02\/22\/smart-agriculture-du-renfort-pour-la-suite\/\"},\"author\":{\"name\":\"sebastien\",\"@id\":\"https:\/\/mauritius-chamber-of-agriculture.org\/smart-agriculture\/#\/schema\/person\/b5d01b071033f5958c517ac895aee956\"},\"headline\":\"Smart Agriculture : du renfort pour la suite\",\"datePublished\":\"2023-02-22T11:59:48+00:00\",\"mainEntityOfPage\":{\"@id\":\"https:\/\/mauritius-chamber-of-agriculture.org\/smart-agriculture\/2023\/02\/22\/smart-agriculture-du-renfort-pour-la-suite\/\"},\"wordCount\":348,\"publisher\":{\"@id\":\"https:\/\/mauritius-chamber-of-agriculture.org\/smart-agriculture\/#organization\"},\"image\":{\"@id\":\"https:\/\/mauritius-chamber-of-agriculture.org\/smart-agriculture\/2023\/02\/22\/smart-agriculture-du-renfort-pour-la-suite\/#primaryimage\"},\"thumbnailUrl\":\"https:\/\/mauritius-chamber-of-agriculture.org\/wp-content\/uploads\/2023\/02\/20230214_135130-300x292.jpg\",\"articleSection\":[\"Smart Agriculture&gt;News\"],\"inLanguage\":\"en-US\"},{\"@type\":\"WebPage\",\"@id\":\"https:\/\/mauritius-chamber-of-agriculture.org\/smart-agriculture\/2023\/02\/22\/smart-agriculture-du-renfort-pour-la-suite\/\",\"url\":\"https:\/\/mauritius-chamber-of-agriculture.org\/smart-agriculture\/2023\/02\/22\/smart-agriculture-du-renfort-pour-la-suite\/\",\"name\":\"Smart Agriculture : du renfort pour la suite - Smart Agriculture Mauritius\",\"isPartOf\":{\"@id\":\"https:\/\/mauritius-chamber-of-agriculture.org\/smart-agriculture\/#website\"},\"primaryImageOfPage\":{\"@id\":\"https:\/\/mauritius-chamber-of-agriculture.org\/smart-agriculture\/2023\/02\/22\/smart-agriculture-du-renfort-pour-la-suite\/#primaryimage\"},\"image\":{\"@id\":\"https:\/\/mauritius-chamber-of-agriculture.org\/smart-agriculture\/2023\/02\/22\/smart-agriculture-du-renfort-pour-la-suite\/#primaryimage\"},\"thumbnailUrl\":\"https:\/\/mauritius-chamber-of-agriculture.org\/wp-content\/uploads\/2023\/02\/20230214_135130-300x292.jpg\",\"datePublished\":\"2023-02-22T11:59:48+00:00\",\"breadcrumb\":{\"@id\":\"https:\/\/mauritius-chamber-of-agriculture.org\/smart-agriculture\/2023\/02\/22\/smart-agriculture-du-renfort-pour-la-suite\/#breadcrumb\"},\"inLanguage\":\"en-US\",\"potentialAction\":[{\"@type\":\"ReadAction\",\"target\":[\"https:\/\/mauritius-chamber-of-agriculture.org\/smart-agriculture\/2023\/02\/22\/smart-agriculture-du-renfort-pour-la-suite\/\"]}]},{\"@type\":\"ImageObject\",\"inLanguage\":\"en-US\",\"@id\":\"https:\/\/mauritius-chamber-of-agriculture.org\/smart-agriculture\/2023\/02\/22\/smart-agriculture-du-renfort-pour-la-suite\/#primaryimage\",\"url\":\"https:\/\/mauritius-chamber-of-agriculture.org\/wp-content\/uploads\/2023\/02\/20230214_135130-300x292.jpg\",\"contentUrl\":\"https:\/\/mauritius-chamber-of-agriculture.org\/wp-content\/uploads\/2023\/02\/20230214_135130-300x292.jpg\"},{\"@type\":\"BreadcrumbList\",\"@id\":\"https:\/\/mauritius-chamber-of-agriculture.org\/smart-agriculture\/2023\/02\/22\/smart-agriculture-du-renfort-pour-la-suite\/#breadcrumb\",\"itemListElement\":[{\"@type\":\"ListItem\",\"position\":1,\"name\":\"Home\",\"item\":\"https:\/\/mauritius-chamber-of-agriculture.org\/smart-agriculture\/\"},{\"@type\":\"ListItem\",\"position\":2,\"name\":\"Smart Agriculture : du renfort pour la suite\"}]},{\"@type\":\"WebSite\",\"@id\":\"https:\/\/mauritius-chamber-of-agriculture.org\/smart-agriculture\/#website\",\"url\":\"https:\/\/mauritius-chamber-of-agriculture.org\/smart-agriculture\/\",\"name\":\"Smart Agriculture Mauritius\",\"description\":\"\",\"publisher\":{\"@id\":\"https:\/\/mauritius-chamber-of-agriculture.org\/smart-agriculture\/#organization\"},\"potentialAction\":[{\"@type\":\"SearchAction\",\"target\":{\"@type\":\"EntryPoint\",\"urlTemplate\":\"https:\/\/mauritius-chamber-of-agriculture.org\/smart-agriculture\/?s={search_term_string}\"},\"query-input\":{\"@type\":\"PropertyValueSpecification\",\"valueRequired\":true,\"valueName\":\"search_term_string\"}}],\"inLanguage\":\"en-US\"},{\"@type\":\"Organization\",\"@id\":\"https:\/\/mauritius-chamber-of-agriculture.org\/smart-agriculture\/#organization\",\"name\":\"Smart Agriculture Mauritius\",\"url\":\"https:\/\/mauritius-chamber-of-agriculture.org\/smart-agriculture\/\",\"logo\":{\"@type\":\"ImageObject\",\"inLanguage\":\"en-US\",\"@id\":\"https:\/\/mauritius-chamber-of-agriculture.org\/smart-agriculture\/#\/schema\/logo\/image\/\",\"url\":\"https:\/\/mauritius-chamber-of-agriculture.org\/smart-agriculture\/wp-content\/uploads\/sites\/2\/2024\/12\/logo-smart-agriculture-rvb.png\",\"contentUrl\":\"https:\/\/mauritius-chamber-of-agriculture.org\/smart-agriculture\/wp-content\/uploads\/sites\/2\/2024\/12\/logo-smart-agriculture-rvb.png\",\"width\":300,\"height\":141,\"caption\":\"Smart Agriculture Mauritius\"},\"image\":{\"@id\":\"https:\/\/mauritius-chamber-of-agriculture.org\/smart-agriculture\/#\/schema\/logo\/image\/\"}},{\"@type\":\"Person\",\"@id\":\"https:\/\/mauritius-chamber-of-agriculture.org\/smart-agriculture\/#\/schema\/person\/b5d01b071033f5958c517ac895aee956\",\"name\":\"sebastien\",\"image\":{\"@type\":\"ImageObject\",\"inLanguage\":\"en-US\",\"@id\":\"https:\/\/mauritius-chamber-of-agriculture.org\/smart-agriculture\/#\/schema\/person\/image\/\",\"url\":\"https:\/\/secure.gravatar.com\/avatar\/1db3e3d347c7833045868350996b591c?s=96&d=mm&r=g\",\"contentUrl\":\"https:\/\/secure.gravatar.com\/avatar\/1db3e3d347c7833045868350996b591c?s=96&d=mm&r=g\",\"caption\":\"sebastien\"},\"sameAs\":[\"https:\/\/mauritius-chamber-of-agriculture.org\"],\"url\":\"https:\/\/mauritius-chamber-of-agriculture.org\/smart-agriculture\/author\/sebastien\/\"}]}<\/script>\n<!-- \/ Yoast SEO plugin. -->","yoast_head_json":{"title":"Smart Agriculture : du renfort pour la suite - Smart Agriculture Mauritius","robots":{"index":"index","follow":"follow","max-snippet":"max-snippet:-1","max-image-preview":"max-image-preview:large","max-video-preview":"max-video-preview:-1"},"canonical":"https:\/\/mauritius-chamber-of-agriculture.org\/smart-agriculture\/2023\/02\/22\/smart-agriculture-du-renfort-pour-la-suite\/","og_locale":"en_US","og_type":"article","og_title":"Smart Agriculture : du renfort pour la suite - Smart Agriculture Mauritius","og_description":"L\u2019\u00e9quipe Smart Agriculture de la Chambre d\u2019Agriculture de l\u2019Ile Maurice s\u2019est renforc\u00e9e. Depuis le mois de janvier deux coordonnateurs se sont joints \u00e0 l\u2019\u00e9quipe. Alexandre Herv\u00e9, occupe le poste de Coordonnateur de Projet Smart Agriculture alors qu\u2019Anna Hoareau est la Coordonnatrice du projet de lab\u00e9lisation, qui est la suite logique du projet Smart Agriculture. Nous [&hellip;]","og_url":"https:\/\/mauritius-chamber-of-agriculture.org\/smart-agriculture\/2023\/02\/22\/smart-agriculture-du-renfort-pour-la-suite\/","og_site_name":"Smart Agriculture Mauritius","article_published_time":"2023-02-22T11:59:48+00:00","author":"sebastien","twitter_card":"summary_large_image","twitter_misc":{"Written by":"sebastien","Est. reading time":"2 minutes"},"schema":{"@context":"https:\/\/schema.org","@graph":[{"@type":"Article","@id":"https:\/\/mauritius-chamber-of-agriculture.org\/smart-agriculture\/2023\/02\/22\/smart-agriculture-du-renfort-pour-la-suite\/#article","isPartOf":{"@id":"https:\/\/mauritius-chamber-of-agriculture.org\/smart-agriculture\/2023\/02\/22\/smart-agriculture-du-renfort-pour-la-suite\/"},"author":{"name":"sebastien","@id":"https:\/\/mauritius-chamber-of-agriculture.org\/smart-agriculture\/#\/schema\/person\/b5d01b071033f5958c517ac895aee956"},"headline":"Smart Agriculture : du renfort pour la suite","datePublished":"2023-02-22T11:59:48+00:00","mainEntityOfPage":{"@id":"https:\/\/mauritius-chamber-of-agriculture.org\/smart-agriculture\/2023\/02\/22\/smart-agriculture-du-renfort-pour-la-suite\/"},"wordCount":348,"publisher":{"@id":"https:\/\/mauritius-chamber-of-agriculture.org\/smart-agriculture\/#organization"},"image":{"@id":"https:\/\/mauritius-chamber-of-agriculture.org\/smart-agriculture\/2023\/02\/22\/smart-agriculture-du-renfort-pour-la-suite\/#primaryimage"},"thumbnailUrl":"https:\/\/mauritius-chamber-of-agriculture.org\/wp-content\/uploads\/2023\/02\/20230214_135130-300x292.jpg","articleSection":["Smart Agriculture&gt;News"],"inLanguage":"en-US"},{"@type":"WebPage","@id":"https:\/\/mauritius-chamber-of-agriculture.org\/smart-agriculture\/2023\/02\/22\/smart-agriculture-du-renfort-pour-la-suite\/","url":"https:\/\/mauritius-chamber-of-agriculture.org\/smart-agriculture\/2023\/02\/22\/smart-agriculture-du-renfort-pour-la-suite\/","name":"Smart Agriculture : du renfort pour la suite - Smart Agriculture Mauritius","isPartOf":{"@id":"https:\/\/mauritius-chamber-of-agriculture.org\/smart-agriculture\/#website"},"primaryImageOfPage":{"@id":"https:\/\/mauritius-chamber-of-agriculture.org\/smart-agriculture\/2023\/02\/22\/smart-agriculture-du-renfort-pour-la-suite\/#primaryimage"},"image":{"@id":"https:\/\/mauritius-chamber-of-agriculture.org\/smart-agriculture\/2023\/02\/22\/smart-agriculture-du-renfort-pour-la-suite\/#primaryimage"},"thumbnailUrl":"https:\/\/mauritius-chamber-of-agriculture.org\/wp-content\/uploads\/2023\/02\/20230214_135130-300x292.jpg","datePublished":"2023-02-22T11:59:48+00:00","breadcrumb":{"@id":"https:\/\/mauritius-chamber-of-agriculture.org\/smart-agriculture\/2023\/02\/22\/smart-agriculture-du-renfort-pour-la-suite\/#breadcrumb"},"inLanguage":"en-US","potentialAction":[{"@type":"ReadAction","target":["https:\/\/mauritius-chamber-of-agriculture.org\/smart-agriculture\/2023\/02\/22\/smart-agriculture-du-renfort-pour-la-suite\/"]}]},{"@type":"ImageObject","inLanguage":"en-US","@id":"https:\/\/mauritius-chamber-of-agriculture.org\/smart-agriculture\/2023\/02\/22\/smart-agriculture-du-renfort-pour-la-suite\/#primaryimage","url":"https:\/\/mauritius-chamber-of-agriculture.org\/wp-content\/uploads\/2023\/02\/20230214_135130-300x292.jpg","contentUrl":"https:\/\/mauritius-chamber-of-agriculture.org\/wp-content\/uploads\/2023\/02\/20230214_135130-300x292.jpg"},{"@type":"BreadcrumbList","@id":"https:\/\/mauritius-chamber-of-agriculture.org\/smart-agriculture\/2023\/02\/22\/smart-agriculture-du-renfort-pour-la-suite\/#breadcrumb","itemListElement":[{"@type":"ListItem","position":1,"name":"Home","item":"https:\/\/mauritius-chamber-of-agriculture.org\/smart-agriculture\/"},{"@type":"ListItem","position":2,"name":"Smart Agriculture : du renfort pour la suite"}]},{"@type":"WebSite","@id":"https:\/\/mauritius-chamber-of-agriculture.org\/smart-agriculture\/#website","url":"https:\/\/mauritius-chamber-of-agriculture.org\/smart-agriculture\/","name":"Smart Agriculture Mauritius","description":"","publisher":{"@id":"https:\/\/mauritius-chamber-of-agriculture.org\/smart-agriculture\/#organization"},"potentialAction":[{"@type":"SearchAction","target":{"@type":"EntryPoint","urlTemplate":"https:\/\/mauritius-chamber-of-agriculture.org\/smart-agriculture\/?s={search_term_string}"},"query-input":{"@type":"PropertyValueSpecification","valueRequired":true,"valueName":"search_term_string"}}],"inLanguage":"en-US"},{"@type":"Organization","@id":"https:\/\/mauritius-chamber-of-agriculture.org\/smart-agriculture\/#organization","name":"Smart Agriculture Mauritius","url":"https:\/\/mauritius-chamber-of-agriculture.org\/smart-agriculture\/","logo":{"@type":"ImageObject","inLanguage":"en-US","@id":"https:\/\/mauritius-chamber-of-agriculture.org\/smart-agriculture\/#\/schema\/logo\/image\/","url":"https:\/\/mauritius-chamber-of-agriculture.org\/smart-agriculture\/wp-content\/uploads\/sites\/2\/2024\/12\/logo-smart-agriculture-rvb.png","contentUrl":"https:\/\/mauritius-chamber-of-agriculture.org\/smart-agriculture\/wp-content\/uploads\/sites\/2\/2024\/12\/logo-smart-agriculture-rvb.png","width":300,"height":141,"caption":"Smart Agriculture Mauritius"},"image":{"@id":"https:\/\/mauritius-chamber-of-agriculture.org\/smart-agriculture\/#\/schema\/logo\/image\/"}},{"@type":"Person","@id":"https:\/\/mauritius-chamber-of-agriculture.org\/smart-agriculture\/#\/schema\/person\/b5d01b071033f5958c517ac895aee956","name":"sebastien","image":{"@type":"ImageObject","inLanguage":"en-US","@id":"https:\/\/mauritius-chamber-of-agriculture.org\/smart-agriculture\/#\/schema\/person\/image\/","url":"https:\/\/secure.gravatar.com\/avatar\/1db3e3d347c7833045868350996b591c?s=96&d=mm&r=g","contentUrl":"https:\/\/secure.gravatar.com\/avatar\/1db3e3d347c7833045868350996b591c?s=96&d=mm&r=g","caption":"sebastien"},"sameAs":["https:\/\/mauritius-chamber-of-agriculture.org"],"url":"https:\/\/mauritius-chamber-of-agriculture.org\/smart-agriculture\/author\/sebastien\/"}]}},"_links":{"self":[{"href":"https:\/\/mauritius-chamber-of-agriculture.org\/smart-agriculture\/wp-json\/wp\/v2\/posts\/281","targetHints":{"allow":["GET"]}}],"collection":[{"href":"https:\/\/mauritius-chamber-of-agriculture.org\/smart-agriculture\/wp-json\/wp\/v2\/posts"}],"about":[{"href":"https:\/\/mauritius-chamber-of-agriculture.org\/smart-agriculture\/wp-json\/wp\/v2\/types\/post"}],"author":[{"embeddable":true,"href":"https:\/\/mauritius-chamber-of-agriculture.org\/smart-agriculture\/wp-json\/wp\/v2\/users\/1"}],"replies":[{"embeddable":true,"href":"https:\/\/mauritius-chamber-of-agriculture.org\/smart-agriculture\/wp-json\/wp\/v2\/comments?post=281"}],"version-history":[{"count":0,"href":"https:\/\/mauritius-chamber-of-agriculture.org\/smart-agriculture\/wp-json\/wp\/v2\/posts\/281\/revisions"}],"wp:attachment":[{"href":"https:\/\/mauritius-chamber-of-agriculture.org\/smart-agriculture\/wp-json\/wp\/v2\/media?parent=281"}],"wp:term":[{"taxonomy":"category","embeddable":true,"href":"https:\/\/mauritius-chamber-of-agriculture.org\/smart-agriculture\/wp-json\/wp\/v2\/categories?post=281"},{"taxonomy":"post_tag","embeddable":true,"href":"https:\/\/mauritius-chamber-of-agriculture.org\/smart-agriculture\/wp-json\/wp\/v2\/tags?post=281"}],"curies":[{"name":"wp","href":"https:\/\/api.w.org\/{rel}","templated":true}]}}